{"id":9363,"date":"2020-11-29T10:32:11","date_gmt":"2020-11-29T10:32:11","guid":{"rendered":"https:\/\/www.sinistra.ch\/?p=9363"},"modified":"2020-11-29T10:34:48","modified_gmt":"2020-11-29T10:34:48","slug":"gran-consiglio-lautonomia-scolastica-riguarda-anche-gli-infarti","status":"publish","type":"post","link":"https:\/\/www.sinistra.ch\/?p=9363","title":{"rendered":"Gran Consiglio: l\u2019autonomia scolastica riguarda anche &#8230;gli infarti."},"content":{"rendered":"\n<p>Con un messaggio unico il Consiglio di Stato del Canton Ticino ha risposto a due mozioni, una delle quali risalente addirittura al 2011, relative al piano di intervento in caso di arresto cardiaco. La richiesta principale era di rendere obbligatorio il corso per la rianimazione BLS\/DAE durante l\u2019ultima classe della scuola media. Una proposta lodevole a detta di tutti, tanto che gi\u00e0 oggi viene offerta in quasi tutte le sedi di scuola media, bench\u00e9 non sia imposta dal Dipartimento dell\u2019Educazione della Cultura e dello Sport (DECS). Risulta infatti che su 36 scuole medie, solo 3 di esse non hanno colto l\u2019opportunit\u00e0 di offrirlo e 2 sedi lo scelgono solo talvolta.<\/p>\n\n\n\n<h3 class=\"wp-block-heading\"><strong>Il Ticino \u00e8 messo bene, ma perch\u00e9 non fare di pi\u00f9?<\/strong><\/h3>\n\n\n\n<p>Si pu\u00f2 quindi dire che oltre l\u201980% degli allievi della scuola dell\u2019obbligo la finiscono con alle spalle questa competenza sanitaria. \u201cL\u2019arresto cardiaco improvviso \u00e8 una situazione clinica particolarmente grave che in Ticino colpisce ogni anno circa 250-300 persone\u201d \u2013 riconoscono i deputati <strong>Gina La Mantia<\/strong> (Partito Socialista) e <strong>Lorenzo Jelmini<\/strong> (Partito Popolare Democratico) relatori di maggioranza della Commissione Sanit\u00e0 e Sicurezza Sociale del Gran Consiglio. Ciononostante, fortunatamente, il Canton Ticino risulta essere \u2013 stando al rapporto della Fondazione Ticino Cuore \u2013 \u201cla regione con il pi\u00f9 alto tasso di sopravvivenza mondiale a seguito di arresto cardiaco improvviso\u201d, anche perch\u00e9 quasi il 21% della popolazione residente \u00e8 potenzialmente capace di intraprendere una rianimazione.<\/p>\n\n\n\n<div class=\"wp-block-image\"><figure class=\"aligncenter size-large\"><img loading=\"lazy\" decoding=\"async\" width=\"1024\" height=\"538\" src=\"https:\/\/www.sinistra.ch\/wp-content\/uploads\/2020\/11\/granconsiglio_mendrisio-1024x538.jpg\" alt=\"\" class=\"wp-image-9365\" srcset=\"https:\/\/www.sinistra.ch\/wp-content\/uploads\/2020\/11\/granconsiglio_mendrisio-1024x538.jpg 1024w, https:\/\/www.sinistra.ch\/wp-content\/uploads\/2020\/11\/granconsiglio_mendrisio-300x158.jpg 300w, https:\/\/www.sinistra.ch\/wp-content\/uploads\/2020\/11\/granconsiglio_mendrisio-768x403.jpg 768w, https:\/\/www.sinistra.ch\/wp-content\/uploads\/2020\/11\/granconsiglio_mendrisio-480x252.jpg 480w, https:\/\/www.sinistra.ch\/wp-content\/uploads\/2020\/11\/granconsiglio_mendrisio-952x500.jpg 952w, https:\/\/www.sinistra.ch\/wp-content\/uploads\/2020\/11\/granconsiglio_mendrisio.jpg 1200w\" sizes=\"auto, (max-width: 1024px) 100vw, 1024px\" \/><\/figure><\/div>\n\n\n\n<h3 class=\"wp-block-heading\"><strong>Lasciamo libere le singoli scuole medie di decidere&#8230;<\/strong><\/h3>\n\n\n\n<p>La Fonazione Ticino Cuore continua a offrire i corsi BLS\/DAE alle sedi scolastiche che intendono proporre questo tipo di formazione attingendo al proprio credito di istituto, visto che dopo una prima fase di sperimentazione il governo ticinese ha spiegato che le risorse necessarie non sarebbero pi\u00f9 disponibili. Inoltre sempre il Consiglio di Stato ritiene poco ragionevole imporre questa attivit\u00e0 formativa a tutte le quarte medie del Cantone, anche perch\u00e9 le competenze dopo il corso diminuiscono progressivamente e la disponibilit\u00e0 degli allievi a frequentare corsi di aggiornamento sarebbe solo tra il 25 e il 50%. La maggioranza commissionale ha voluto seguire il governo in questa valutazione e ha preferito cos\u00ec che il tutto restasse una libera scelte delle singole sedi scolastiche. Diversa l\u2019opinione della minoranza della medesima commissione, cio\u00e8 i deputati <strong>Maurizio Agustoni<\/strong> (PPD) e <strong>Tiziano Galeazzi <\/strong>(UDC), che ne pretendevano l\u2019obbligatoriet\u00e0, ritenendo quest\u2019ultima percentuale piuttosto elevata e da incentivare.<\/p>\n\n\n\n<h3 class=\"wp-block-heading\"><strong>Insegnamento \u2026 \u201c\u00e0 la carte\u201d?<\/strong><\/h3>\n\n\n\n<p>Il ministro <strong>Manuele Bertoli<\/strong> (PS), audizionato dalla Commissione prima di arrivare in aula, si \u00e8 detto contrario a \u201cinterferire nell\u2019autonomia scolastica delle sedi\u201d e preoccupato di \u201ccreare il precedente di riconoscere che gli allievi abbiano un diritto soggettivo ad avere a disposizione un\u2019opzione che nella loro scuola non \u00e8 stata scelta nel contesto dell\u2019uso del credito d\u2019istituto\u201d. La palla \u00e8 quindi passata al parlamento dove se ne sono sentite di tutti i colori. Il deputato liberale-radicale <strong>Alex Gianella<\/strong> ha spiegato il suo voto a favore dello status quo in questi termini: \u201cIl Partito Liberale Radicale non vuole imporre nulla dall\u2019alto\u201d anche perch\u00e9 questo corso \u201cappesantisce la griglia scolastica\u201d. Il democristiano Lorenzo Jelmini ha chiesto di non cambiare nulla perch\u00e9 \u00e8 compatibile con la \u201csussidiariet\u00e0\u201d (una bella parola per sottolineare in politichese il ruolo dei privati nella scuola). La socialista Gina La Mantia ha difeso \u201cl\u2019autonomia di sede\u201d che solitamente la sinistra contesta nel nome della parit\u00e0 di trattamento degli allievi, suscitando immediatamente il plauso del rappresentante dell\u2019UDC <strong>Paolo Pamini<\/strong> che tutto felice ha sottolineato come finalmente adesso che anche la sinistra \u2013 tranne il Partito Comunista \u2013 sostiene l\u2019autonomia di istituto potremo avanzare altre riforme della stessa, ovviamente in senso neo-liberista. Per non parlare dell\u2019ecologista <strong>Marco Noi<\/strong> che ha ritenuto che, prima di obbligare a insegnare a salvare una vita, bisognerebbe lavorare sulla &#8230;prevenzione (e quindi imparare a mangiare sano).<\/p>\n\n\n\n<h3 class=\"wp-block-heading\"><strong>I comunisti tagliano corto: \u201cl\u2019autonomia di sede \u00e8 neoliberismo\u201d<\/strong><\/h3>\n\n\n\n<div class=\"wp-block-image\"><figure class=\"aligncenter size-large\"><img loading=\"lazy\" decoding=\"async\" width=\"1024\" height=\"576\" src=\"https:\/\/www.sinistra.ch\/wp-content\/uploads\/2020\/11\/IMG_3865-1-1024x576.png\" alt=\"\" class=\"wp-image-9367\" srcset=\"https:\/\/www.sinistra.ch\/wp-content\/uploads\/2020\/11\/IMG_3865-1-1024x576.png 1024w, https:\/\/www.sinistra.ch\/wp-content\/uploads\/2020\/11\/IMG_3865-1-300x169.png 300w, https:\/\/www.sinistra.ch\/wp-content\/uploads\/2020\/11\/IMG_3865-1-768x432.png 768w, https:\/\/www.sinistra.ch\/wp-content\/uploads\/2020\/11\/IMG_3865-1-480x270.png 480w, https:\/\/www.sinistra.ch\/wp-content\/uploads\/2020\/11\/IMG_3865-1-889x500.png 889w, https:\/\/www.sinistra.ch\/wp-content\/uploads\/2020\/11\/IMG_3865-1.png 1334w\" sizes=\"auto, (max-width: 1024px) 100vw, 1024px\" \/><figcaption><em>Il deputato comunista Massimiliano Ay durante la seduta al mercato coperto di Mendrisio.<\/em><\/figcaption><\/figure><\/div>\n\n\n\n<p>Il Partito Comunista ha preso posizione per ultimo nel dibattito con una dichiarazione telegrafica del deputato <strong>Massimiliano Ay<\/strong> che ha spiegato come non avesse senso parlare di sovraccarico di lavoro, visto che il corso esiste gi\u00e0 in tutte le scuole tranne in tre sedi. Ha inoltre ricordato la contrariet\u00e0 dei i comunisti all\u2019autonomia di sede: se un insegnamento \u00e8 utile, esso va allora impartito a tutti senza distinzione. Una posizione che ricalca <a href=\"https:\/\/www.sinistra.ch\/?p=7631\">quella gi\u00e0 assunta in passato dal Sindacato Indipendente degli Studenti e Apprendisti<\/a> (SISA), da tempo preoccupato per la tendenza al decentramento decisionale che rischia di alimentare la creazione di un vero e proprio &#8220;mercato dell&#8217;istruzione&#8221;, a danno delle classi popolari e del mandato educativo universale della scuola pubblica. \u201cE\u2019 una questione di uguaglianza e di diritto allo studio\u201d ha chiosato Ay, preannunciando il proprio voto in sostegno al rapporto di minoranza.<\/p>\n","protected":false},"excerpt":{"rendered":"<p>Con un messaggio unico il Consiglio di Stato del Canton Ticino ha risposto a due mozioni, una delle quali risalente addirittura al 2011, relative al piano di intervento in caso di arresto cardiaco. La richiesta principale era di rendere obbligatorio il corso per la rianimazione BLS\/DAE durante l\u2019ultima classe della scuola media. Una proposta lodevole a detta di tutti, tanto che gi\u00e0 oggi viene offerta in quasi tutte le sedi di scuola media, bench\u00e9 non sia imposta dal Dipartimento dell\u2019Educazione della Cultura e dello Sport (DECS). Risulta infatti che su 36 scuole medie, solo 3 di esse non hanno colto<\/p>\n","protected":false},"author":2,"featured_media":9368,"comment_status":"closed","ping_status":"open","sticky":false,"template":"","format":"standard","meta":{"footnotes":""},"categories":[8,3],"tags":[],"coauthors":[],"class_list":["post-9363","post","type-post","status-publish","format-standard","has-post-thumbnail","hentry","category-giovani","category-interni"],"_links":{"self":[{"href":"https:\/\/www.sinistra.ch\/index.php?rest_route=\/wp\/v2\/posts\/9363","targetHints":{"allow":["GET"]}}],"collection":[{"href":"https:\/\/www.sinistra.ch\/index.php?rest_route=\/wp\/v2\/posts"}],"about":[{"href":"https:\/\/www.sinistra.ch\/index.php?rest_route=\/wp\/v2\/types\/post"}],"author":[{"embeddable":true,"href":"https:\/\/www.sinistra.ch\/index.php?rest_route=\/wp\/v2\/users\/2"}],"replies":[{"embeddable":true,"href":"https:\/\/www.sinistra.ch\/index.php?rest_route=%2Fwp%2Fv2%2Fcomments&post=9363"}],"version-history":[{"count":4,"href":"https:\/\/www.sinistra.ch\/index.php?rest_route=\/wp\/v2\/posts\/9363\/revisions"}],"predecessor-version":[{"id":9378,"href":"https:\/\/www.sinistra.ch\/index.php?rest_route=\/wp\/v2\/posts\/9363\/revisions\/9378"}],"wp:featuredmedia":[{"embeddable":true,"href":"https:\/\/www.sinistra.ch\/index.php?rest_route=\/wp\/v2\/media\/9368"}],"wp:attachment":[{"href":"https:\/\/www.sinistra.ch\/index.php?rest_route=%2Fwp%2Fv2%2Fmedia&parent=9363"}],"wp:term":[{"taxonomy":"category","embeddable":true,"href":"https:\/\/www.sinistra.ch\/index.php?rest_route=%2Fwp%2Fv2%2Fcategories&post=9363"},{"taxonomy":"post_tag","embeddable":true,"href":"https:\/\/www.sinistra.ch\/index.php?rest_route=%2Fwp%2Fv2%2Ftags&post=9363"},{"taxonomy":"author","embeddable":true,"href":"https:\/\/www.sinistra.ch\/index.php?rest_route=%2Fwp%2Fv2%2Fcoauthors&post=9363"}],"curies":[{"name":"wp","href":"https:\/\/api.w.org\/{rel}","templated":true}]}}