{"id":9315,"date":"2020-11-01T15:03:01","date_gmt":"2020-11-01T15:03:01","guid":{"rendered":"https:\/\/www.sinistra.ch\/?p=9315"},"modified":"2020-11-01T15:03:02","modified_gmt":"2020-11-01T15:03:02","slug":"gli-infermieri-non-sono-degli-eroi","status":"publish","type":"post","link":"https:\/\/www.sinistra.ch\/?p=9315","title":{"rendered":"Gli infermieri non sono degli eroi"},"content":{"rendered":"\n<p>Con il peggiorare della situazione sanitaria, e l\u2019arrivo di quella che viene definita seconda ondata della pandemia da COVID-19, si sta tornando, giustamente, a discutere delle condizioni di lavoro delle infermiere e degli infermieri. Gi\u00e0 il fatto che si torni a discuterne \u2013 come se durante i mesi di relativa tregua estiva rispetto ai contagi, alle ospedalizzazioni e alle cure intense, non fosse stato necessario interrogarsi sulle condizioni di lavoro e sulle difficolt\u00e0 di questa professione, ma soprattutto prendere delle decisioni incisive e applicarle di conseguenza anche in previsione della situazione autunnale \u2013 indica come la politica sia colpevolmente in ritardo, adagiata sovente sulla retorica degli eroi.<\/p>\n\n\n\n<p>Le informazioni diffuse pochi giorni fa dalla Societ\u00e0 svizzera di medicina intensiva, che riportano un vissuto sacrificale e di abbandono da parte degli infermieri delle terapie intensive, sono estremamente significative. Dopo agli applausi dai balconi della popolazione durante il primo lockdown, e i proclami di molti politici \u2013 abili soltanto a cavalcare il momento sui media e i social con prese di posizione strappa-lacrime e acchiappa-consensi, alle quali non sono seguite neppure le azioni minime, che in Ticino potevano essere, per esempio, l\u2019adeguamento dei regolamenti comunali per gli infermieri alle condizioni di lavoro e salariali dell\u2019EOC \u2013 quello che resta agli infermieri sono turni di lavoro fino a sessanta ore e condizioni di lavoro faticose, rischiose e diffusamente insufficienti.<\/p>\n\n\n\n<p>Sono passate poche settimane da una trasmissione di approfondimento televisivo dove si rifletteva sul fatto che, dopo quindici anni di servizio, met\u00e0 degli infermieri abbandona la professione. Emergeva, inoltre, una carenza di posti di formazione in Ticino per una delle professioni che sar\u00e0 sempre pi\u00f9 necessaria in futuro, che si somma a problemi di riconoscimento di condizioni di impiego adeguate all\u2019onere lavorativo e formativo richiesto a questi professionisti.<\/p>\n\n\n\n<p>S\u00ec, perch\u00e9 infermiere e infermieri sono dei professionisti, non degli eroi. Studiano, si formano, si specializzano, lavorano grazie alle conoscenze e all\u2019esperienza accumulata sul campo, faticano nel conciliare lavoro e famiglia, soffrono, si ammalano. Non sono dotati di nessun potere. Non intraprendono decisioni in autonomia sul destino altrui. Non vivono della fama di cui li si circonda. Non hanno diritto a nessun trattamento speciale rispetto agli altri cittadini.<\/p>\n\n\n\n<p>Quello che va riconosciuto \u00e8 semmai lo sforzo, questo s\u00ec, forse, potrebbe essere definito \u201ceroico\u201d, che stanno facendo in questa situazione drammatica. Ma va ricordato che il loro non \u00e8 un sacrificio per un ideale; che non sono missionari che operano per rinfrancare il loro spirito (qualcuno li ha addirittura definiti \u201cangeli\u201d, in sprezzo alla laicit\u00e0 della professione). La loro fatica deve trovare (almeno) un\u2019adeguata compensazione nel salario, nelle vacanze, nell\u2019autonomia decisionale \u2013 che molti medici faticano a delegare \u2013 e in quella economica rispetto alle prestazioni, nelle opportunit\u00e0 formative.<\/p>\n\n\n\n<p>Esiste un\u2019iniziativa \u201cper cure infermieristiche forti\u201d che \u00e8 stata rifiutata lo scorso anno, con grande lungimiranza, prima dal Consiglio Federale, poi dal parlamento. Quest\u2019ultimo ha poi approvato un controprogetto del tutto aleatorio e insufficiente pur di \u201cevitare un aumento dei costi della salute\u201d e non scontentare le lobby legate alle assicurazioni malattia, che nel frattempo continuano a lucrare sulla pelle dei cittadini. Vedremo, se e quando si arriver\u00e0 in votazione, chi avr\u00e0 il coraggio di sostenerla, e chi vorr\u00e0 vivere di rendita dopo essersi crogiolato nella retorica degli eroi.<\/p>\n","protected":false},"excerpt":{"rendered":"<p>Con il peggiorare della situazione sanitaria, e l\u2019arrivo di quella che viene definita seconda ondata della pandemia da COVID-19, si sta tornando, giustamente, a discutere delle condizioni di lavoro delle infermiere e degli infermieri. Gi\u00e0 il fatto che si torni a discuterne \u2013 come se durante i mesi di relativa tregua estiva rispetto ai contagi, alle ospedalizzazioni e alle cure intense, non fosse stato necessario interrogarsi sulle condizioni di lavoro e sulle difficolt\u00e0 di questa professione, ma soprattutto prendere delle decisioni incisive e applicarle di conseguenza anche in previsione della situazione autunnale \u2013 indica come la politica sia colpevolmente in<\/p>\n","protected":false},"author":16412,"featured_media":8320,"comment_status":"closed","ping_status":"open","sticky":false,"template":"","format":"standard","meta":{"footnotes":""},"categories":[28,13],"tags":[],"coauthors":[],"class_list":["post-9315","post","type-post","status-publish","format-standard","has-post-thumbnail","hentry","category-editoriali","category-opinione"],"_links":{"self":[{"href":"https:\/\/www.sinistra.ch\/index.php?rest_route=\/wp\/v2\/posts\/9315","targetHints":{"allow":["GET"]}}],"collection":[{"href":"https:\/\/www.sinistra.ch\/index.php?rest_route=\/wp\/v2\/posts"}],"about":[{"href":"https:\/\/www.sinistra.ch\/index.php?rest_route=\/wp\/v2\/types\/post"}],"author":[{"embeddable":true,"href":"https:\/\/www.sinistra.ch\/index.php?rest_route=\/wp\/v2\/users\/16412"}],"replies":[{"embeddable":true,"href":"https:\/\/www.sinistra.ch\/index.php?rest_route=%2Fwp%2Fv2%2Fcomments&post=9315"}],"version-history":[{"count":1,"href":"https:\/\/www.sinistra.ch\/index.php?rest_route=\/wp\/v2\/posts\/9315\/revisions"}],"predecessor-version":[{"id":9316,"href":"https:\/\/www.sinistra.ch\/index.php?rest_route=\/wp\/v2\/posts\/9315\/revisions\/9316"}],"wp:featuredmedia":[{"embeddable":true,"href":"https:\/\/www.sinistra.ch\/index.php?rest_route=\/wp\/v2\/media\/8320"}],"wp:attachment":[{"href":"https:\/\/www.sinistra.ch\/index.php?rest_route=%2Fwp%2Fv2%2Fmedia&parent=9315"}],"wp:term":[{"taxonomy":"category","embeddable":true,"href":"https:\/\/www.sinistra.ch\/index.php?rest_route=%2Fwp%2Fv2%2Fcategories&post=9315"},{"taxonomy":"post_tag","embeddable":true,"href":"https:\/\/www.sinistra.ch\/index.php?rest_route=%2Fwp%2Fv2%2Ftags&post=9315"},{"taxonomy":"author","embeddable":true,"href":"https:\/\/www.sinistra.ch\/index.php?rest_route=%2Fwp%2Fv2%2Fcoauthors&post=9315"}],"curies":[{"name":"wp","href":"https:\/\/api.w.org\/{rel}","templated":true}]}}