{"id":8371,"date":"2020-01-08T12:29:38","date_gmt":"2020-01-08T12:29:38","guid":{"rendered":"https:\/\/www.sinistra.ch\/?p=8371"},"modified":"2020-01-12T18:19:10","modified_gmt":"2020-01-12T18:19:10","slug":"turchia-e-usa-ancora-ai-ferri-corti-ankara-vieta-luso-della-base-di-incirlik","status":"publish","type":"post","link":"https:\/\/www.sinistra.ch\/?p=8371","title":{"rendered":"Turchia e USA ancora ai ferri corti. Ankara vieta l&#8217;uso della base di Incirlik."},"content":{"rendered":"<p>Il presidente turco <strong>Recep T. Erdogan<\/strong>\u00a0sta guidando la Turchia lontano dall&#8217;orbita imperialista e non \u00e8 da escludere un progressivo disimpegno del paese anche dalla NATO. Una impostazione, questa, cha dal lato geopolitico avr\u00e0 enormi implicazioni, tanto da innervosire l&#8217;establishment statunitense che gi\u00e0 si \u00e8 indispettito dalla recente decisione turca di acquistare un sistema missilistico russo cos\u00ec da non dipendere dalla tecnologia occidentale.<\/p>\n<p>Oggi \u00e8 arrivata una nuova indicazione che conferma questa tendenza: il governo turco ha infatti vietato agli USA di utilizzare la base aerea di Incirlik per attacchi contro l\u2019Iran. Lo confermano fonti di stampa russe e bulgare citando giornalisti turchi. Una base militare, quella di Incirlik, che sempre di pi\u00f9 sta stretta ai turchi: non solo il Partito Comunista di Turchia (TKP) ne ha chiesto la chiusura, ma lo stesso Erdogan nel 2016 la fece isolare togliendole per qualche ora l&#8217;energia elettrica.<\/p>\n<p>Dal Pentagono hanno giudicato quella di Erdogan come una decisione \u201cmolto deludente\u201d per la collaborazione fra USA e Turchia. Ma Erdogan non si \u00e8 fermato qui e ha subito aggiunto che nel caso in cui Washington non ascoltasse Ankara, le truppe turche bloccheranno la base. Non si esclude quindi che l&#8217;esercito turco &#8211; in cui negli ultimi anni l&#8217;insofferenza verso la NATO \u00e8 cresciuta persino ai piani alti &#8211; sia pronto a scontrarsi con i soldati americani, cosa peraltro gi\u00e0 successo su territorio irakeno nel 2003.<\/p>\n<p><a href=\"https:\/\/www.sinistra.ch\/wp-content\/uploads\/2020\/01\/iranin_dini_lideri_hamaneyin_temsilcisinden_dogu_perinceke_ziyaret_1578319160_3301.jpg\"><img loading=\"lazy\" decoding=\"async\" class=\"alignleft wp-image-8373\" src=\"https:\/\/www.sinistra.ch\/wp-content\/uploads\/2020\/01\/iranin_dini_lideri_hamaneyin_temsilcisinden_dogu_perinceke_ziyaret_1578319160_3301.jpg\" alt=\"\" width=\"339\" height=\"197\" srcset=\"https:\/\/www.sinistra.ch\/wp-content\/uploads\/2020\/01\/iranin_dini_lideri_hamaneyin_temsilcisinden_dogu_perinceke_ziyaret_1578319160_3301.jpg 620w, https:\/\/www.sinistra.ch\/wp-content\/uploads\/2020\/01\/iranin_dini_lideri_hamaneyin_temsilcisinden_dogu_perinceke_ziyaret_1578319160_3301-300x174.jpg 300w, https:\/\/www.sinistra.ch\/wp-content\/uploads\/2020\/01\/iranin_dini_lideri_hamaneyin_temsilcisinden_dogu_perinceke_ziyaret_1578319160_3301-480x279.jpg 480w\" sizes=\"auto, (max-width: 339px) 100vw, 339px\" \/><\/a>Intanto a Istanbul, il Vatan Partisi, formazione della sinistra rivoluzionaria turca di origine maoista, ha dichiarato che questa \u00e8 una nuova sconfitta dell&#8217;imperialismo atlantico e che il futuro sar\u00e0 una maggiore integrazione della Turchia nell&#8217;area Euroasiatica rompendo i vincoli attualmente esistenti con NATO, Stati Uniti ed Unione Europea.\u00a0E proprio nei giorni scorsi il presidente del Partito, <strong>Dogu Perin\u00e7ek<\/strong>, ha ricevuto con tutti gli onori nella propria sede un emissario dell&#8217;Ayatollah Kamanei, la Guida suprema della Rivoluzione iraniana. I legami fra il governo sciita iraniano e i laicisti turchi possono sembrare contraddittori, ma non sono nuovi: pochi anni fa lo stesso Perin\u00e7ek si incontr\u00f2 con l&#8217;ex-presidente iraniano <strong>Mahmud Ahmadinejad<\/strong> e ieri il giornale edito dal Vatan Partisi ha citato l&#8217;emissario iraniano che chiedeva di unire i sunniti e gli sciiti per la pace e contro l&#8217;imperialismo.<\/p>\n<p>Ma se da parte turca c&#8217;\u00e8 un avvicinamento agli iraniani, da parte curda c&#8217;\u00e8 un ulteriore dimostrazione della propria organicit\u00e0 con gli USA: non appena a Badhdad si \u00e8 votato per espellere i soldati stranieri dall&#8217;Irak come reazione all&#8217;attentato costato la vita al generale iraniano, ecco che le milizie separatiste curde in Siria- quelle dello YPG tanto lodato dalla sinistra europea &#8211; hanno liberato per ripicca 400 terroristi dell&#8217;ISIS che erano sotto il loro controllo come prigionieri nel campo al Al-Hol presso Hasakah.<\/p>\n","protected":false},"excerpt":{"rendered":"<p>Il presidente turco Recep T. Erdogan\u00a0sta guidando la Turchia lontano dall&#8217;orbita imperialista e non \u00e8 da escludere un progressivo disimpegno del paese anche dalla NATO. Una impostazione, questa, cha dal lato geopolitico avr\u00e0 enormi implicazioni, tanto da innervosire l&#8217;establishment statunitense che gi\u00e0 si \u00e8 indispettito dalla recente decisione turca di acquistare un sistema missilistico russo cos\u00ec da non dipendere dalla tecnologia occidentale. Oggi \u00e8 arrivata una nuova indicazione che conferma questa tendenza: il governo turco ha infatti vietato agli USA di utilizzare la base aerea di Incirlik per attacchi contro l\u2019Iran. Lo confermano fonti di stampa russe e bulgare citando<\/p>\n","protected":false},"author":2,"featured_media":8372,"comment_status":"closed","ping_status":"open","sticky":false,"template":"","format":"standard","meta":{"footnotes":""},"categories":[4,21],"tags":[],"coauthors":[],"class_list":["post-8371","post","type-post","status-publish","format-standard","has-post-thumbnail","hentry","category-esteri","category-medio-oriente"],"_links":{"self":[{"href":"https:\/\/www.sinistra.ch\/index.php?rest_route=\/wp\/v2\/posts\/8371","targetHints":{"allow":["GET"]}}],"collection":[{"href":"https:\/\/www.sinistra.ch\/index.php?rest_route=\/wp\/v2\/posts"}],"about":[{"href":"https:\/\/www.sinistra.ch\/index.php?rest_route=\/wp\/v2\/types\/post"}],"author":[{"embeddable":true,"href":"https:\/\/www.sinistra.ch\/index.php?rest_route=\/wp\/v2\/users\/2"}],"replies":[{"embeddable":true,"href":"https:\/\/www.sinistra.ch\/index.php?rest_route=%2Fwp%2Fv2%2Fcomments&post=8371"}],"version-history":[{"count":4,"href":"https:\/\/www.sinistra.ch\/index.php?rest_route=\/wp\/v2\/posts\/8371\/revisions"}],"predecessor-version":[{"id":8377,"href":"https:\/\/www.sinistra.ch\/index.php?rest_route=\/wp\/v2\/posts\/8371\/revisions\/8377"}],"wp:featuredmedia":[{"embeddable":true,"href":"https:\/\/www.sinistra.ch\/index.php?rest_route=\/wp\/v2\/media\/8372"}],"wp:attachment":[{"href":"https:\/\/www.sinistra.ch\/index.php?rest_route=%2Fwp%2Fv2%2Fmedia&parent=8371"}],"wp:term":[{"taxonomy":"category","embeddable":true,"href":"https:\/\/www.sinistra.ch\/index.php?rest_route=%2Fwp%2Fv2%2Fcategories&post=8371"},{"taxonomy":"post_tag","embeddable":true,"href":"https:\/\/www.sinistra.ch\/index.php?rest_route=%2Fwp%2Fv2%2Ftags&post=8371"},{"taxonomy":"author","embeddable":true,"href":"https:\/\/www.sinistra.ch\/index.php?rest_route=%2Fwp%2Fv2%2Fcoauthors&post=8371"}],"curies":[{"name":"wp","href":"https:\/\/api.w.org\/{rel}","templated":true}]}}