{"id":7345,"date":"2018-03-21T20:24:17","date_gmt":"2018-03-21T20:24:17","guid":{"rendered":"https:\/\/www.sinistra.ch\/?p=7345"},"modified":"2018-06-13T16:47:44","modified_gmt":"2018-06-13T16:47:44","slug":"tagli-alle-borse-di-studio-gli-studenti-bellinzonesi-celebrano-il-funerale-del-diritto-allo-studio","status":"publish","type":"post","link":"https:\/\/www.sinistra.ch\/?p=7345","title":{"rendered":"Tagli alle borse di studio: gli studenti bellinzonesi celebrano il funerale del diritto allo studio!"},"content":{"rendered":"<p>Nel quadro della settimana d\u2019azione nazionale promossa dalla coalizione studentesca <em>Azione_Istruzione<\/em> ha avuto oggi luogo a Bellinzona un <em>flashmob<\/em>\u00a0che ha inscenato il funerale del diritto allo studio, quale protesta\u00a0contro i tagli alle borse di studio avvenuti negli ultimi anni. Coordinati dal Sindacato Indipendente degli Studenti e Apprendisti (SISA), gli studenti della Scuola cantonale di commercio e del Liceo di Bellinzona si sono mobilitati per combattere le continue misure d\u2019austerit\u00e0 commesse a scapito dell&#8217;istruzione e della scuola pubblica.<\/p>\n<p>Le recenti decisioni delle autorit\u00e0 politiche hanno provocato una situazione del tutto inaccettabile per gli studenti ticinesi: a fronte dei 5 milioni di franchi tagliati in soli due anni nelle borse di studio, Governo e Parlamento cantonali hanno ora deciso di regalarne ben 50 ai ricchi e alle aziende in generosi sgravi fiscali. Tutto ci\u00f2 dimostra come il rigore finanziario ticinese continui ad essere a geometria variabile: le autorit\u00e0 si rivelano ancora una volta forti coi deboli e deboli coi forti.<\/p>\n<p>L\u2019azione di protesta \u00e8 partita dalla Scuola di cantonale di commercio per poi dirigersi verso il Liceo cantonale e Piazza Governo, dove \u00e8 stato osservato un minuto di silenzio per il diritto allo studio,\u00a0ormai da considerarsi morto e sepolto a causa delle continue misure di risparmio. Essa\u00a0si \u00e8 concentrata sui tagli agli aiuti allo studio del 2014 e del 2015, contestati dalla petizione del SISA intitolata \u201cPer un rafforzamento delle borse di studio, per un\u2019istruzione pi\u00f9 equa per tutte e tutti!\u201d che ha gi\u00e0 raccolto oltre un migliaio di firme.<\/p>\n<p>\u00c8 il momento che le autorit\u00e0 competenti prendano atto del dissenso degli studenti verso queste politiche anti-sociali e rivedano le priorit\u00e0 politiche di questo Cantone: l\u2019istruzione \u00e8 un investimento per il futuro da valorizzare e a cui andrebbero destinate maggiori risorse, sicuramente non da regalare a chi in questi anni di crisi \u00e8 addirittura riuscito ad arricchirsi! Se la tendenza in atto dovesse rimanere immutata, le conseguenze sarebbero gravissime: vogliamo davvero un\u2019istruzione \u201call\u2019americana\u201d, dove solo i pi\u00f9 ricchi possono studiare?<\/p>\n","protected":false},"excerpt":{"rendered":"<p>Nel quadro della settimana d\u2019azione nazionale promossa dalla coalizione studentesca Azione_Istruzione ha avuto oggi luogo a Bellinzona un flashmob\u00a0che ha inscenato il funerale del diritto allo studio, quale protesta\u00a0contro i tagli alle borse di studio avvenuti negli ultimi anni. Coordinati dal Sindacato Indipendente degli Studenti e Apprendisti (SISA), gli studenti della Scuola cantonale di commercio e del Liceo di Bellinzona si sono mobilitati per combattere le continue misure d\u2019austerit\u00e0 commesse a scapito dell&#8217;istruzione e della scuola pubblica. Le recenti decisioni delle autorit\u00e0 politiche hanno provocato una situazione del tutto inaccettabile per gli studenti ticinesi: a fronte dei 5 milioni di<\/p>\n","protected":false},"author":17693,"featured_media":7346,"comment_status":"closed","ping_status":"open","sticky":false,"template":"","format":"standard","meta":{"footnotes":""},"categories":[28,8,13,3],"tags":[],"coauthors":[],"class_list":["post-7345","post","type-post","status-publish","format-standard","has-post-thumbnail","hentry","category-editoriali","category-giovani","category-opinione","category-interni"],"_links":{"self":[{"href":"https:\/\/www.sinistra.ch\/index.php?rest_route=\/wp\/v2\/posts\/7345","targetHints":{"allow":["GET"]}}],"collection":[{"href":"https:\/\/www.sinistra.ch\/index.php?rest_route=\/wp\/v2\/posts"}],"about":[{"href":"https:\/\/www.sinistra.ch\/index.php?rest_route=\/wp\/v2\/types\/post"}],"author":[{"embeddable":true,"href":"https:\/\/www.sinistra.ch\/index.php?rest_route=\/wp\/v2\/users\/17693"}],"replies":[{"embeddable":true,"href":"https:\/\/www.sinistra.ch\/index.php?rest_route=%2Fwp%2Fv2%2Fcomments&post=7345"}],"version-history":[{"count":1,"href":"https:\/\/www.sinistra.ch\/index.php?rest_route=\/wp\/v2\/posts\/7345\/revisions"}],"predecessor-version":[{"id":7347,"href":"https:\/\/www.sinistra.ch\/index.php?rest_route=\/wp\/v2\/posts\/7345\/revisions\/7347"}],"wp:featuredmedia":[{"embeddable":true,"href":"https:\/\/www.sinistra.ch\/index.php?rest_route=\/wp\/v2\/media\/7346"}],"wp:attachment":[{"href":"https:\/\/www.sinistra.ch\/index.php?rest_route=%2Fwp%2Fv2%2Fmedia&parent=7345"}],"wp:term":[{"taxonomy":"category","embeddable":true,"href":"https:\/\/www.sinistra.ch\/index.php?rest_route=%2Fwp%2Fv2%2Fcategories&post=7345"},{"taxonomy":"post_tag","embeddable":true,"href":"https:\/\/www.sinistra.ch\/index.php?rest_route=%2Fwp%2Fv2%2Ftags&post=7345"},{"taxonomy":"author","embeddable":true,"href":"https:\/\/www.sinistra.ch\/index.php?rest_route=%2Fwp%2Fv2%2Fcoauthors&post=7345"}],"curies":[{"name":"wp","href":"https:\/\/api.w.org\/{rel}","templated":true}]}}