{"id":7311,"date":"2018-01-24T21:39:59","date_gmt":"2018-01-24T21:39:59","guid":{"rendered":"https:\/\/www.sinistra.ch\/?p=7311"},"modified":"2018-03-09T21:41:34","modified_gmt":"2018-03-09T21:41:34","slug":"nuovi-insulti-a-bertoli-ora-basta-con-gente-come-bouvet","status":"publish","type":"post","link":"https:\/\/www.sinistra.ch\/?p=7311","title":{"rendered":"Nuovi insulti a Bertoli: ora basta con gente come Bouvet!\u00a0"},"content":{"rendered":"<p>Qualche tempo fa il ministro <strong>Manuele Bertoli<\/strong> veniva ricoperto da uno strato chilometrico di fango per aver osato affermare, in qualit\u00e0 di Presidente del Governo cantonale, che si sarebbe dovuti tornare alle urne per sistemare la situazione scaturita dall&#8217;iniziativa \u00abcontro l&#8217;immigrazione di massa\u00bb dell&#8217;UDC.<\/p>\n<p>Insulti di ogni genere &#8211; addirittura minacce di morte &#8211; provenienti da orde di indignati coi forconi in mano, nei confronti un rappresentante delle istituzioni che non aveva fatto altro che esprimere la propria opinione: opinione che poteva certamente non piacere, ma pur sempre una semplicissima opinione. Nel frattempo \u00e8 stata la stessa UDC a voler tornare alle urne sul tema. Come recita l&#8217;adagio? \u00abIl tempo \u00e8 galantuomo\u00bb&#8230;<\/p>\n<p>In compenso, per\u00f2, viviamo in un Cantone in cui il capogruppo leghista nel Consiglio Comunale di Massagno, tale <strong>Philippe Bouvet<\/strong>, si pu\u00f2 permettere di passare all&#8217;acqua bassa dopo aver stigmatizzato l&#8217;handicap alla vista dello stesso Bertoli, affermando che \u00abda quando c&#8217;\u00e8 l&#8217;ipovedente al DECS\u00bb (cit.) le cose non funzionano come piace a lui: il tutto evocando peraltro un fatto avvenuto in una scuola comunale, in cui Bertoli c&#8217;entra quindi come il due di picche).<\/p>\n<p>Un Cantone, purtroppo, in cui si sta cominciando ad accettare che chi soffre di forme di cecit\u00e0 possa venir declassato nemmeno troppo morbidamente alla categoria di subumano, e accusato di non essere in grado di ricoprire responsabilit\u00e0 sociali.<\/p>\n<p>Al netto di qualsiasi appartenenza politica: \u00e8 il Cantone in cui vogliamo davvero vivere?<\/p>\n<p>Non \u00e8 il <em>fan club<\/em> di Manuele Bertoli a scrivere, gi\u00e0 contestato per le sue scelte politiche su questo stesso portale, ma chi ritiene che gente come Bouvet dovrebbe avere il buon senso di dimettersi da qualsiasi carica pubblica &#8211; lui s\u00ec, palesemente inadatto &#8211; e magari chiedere scusa prestando qualche giornata di volontariato presso un&#8217;associazione che si occupa della condizione di chi convive quotidianamente con la cecit\u00e0: potrebbe ricevere un&#8217;importante supporto per imparare a muoversi correttamente nella societ\u00e0, da chi se ne intende pi\u00f9 di lui.<\/p>\n","protected":false},"excerpt":{"rendered":"<p>Qualche tempo fa il ministro Manuele Bertoli veniva ricoperto da uno strato chilometrico di fango per aver osato affermare, in qualit\u00e0 di Presidente del Governo cantonale, che si sarebbe dovuti tornare alle urne per sistemare la situazione scaturita dall&#8217;iniziativa \u00abcontro l&#8217;immigrazione di massa\u00bb dell&#8217;UDC. Insulti di ogni genere &#8211; addirittura minacce di morte &#8211; provenienti da orde di indignati coi forconi in mano, nei confronti un rappresentante delle istituzioni che non aveva fatto altro che esprimere la propria opinione: opinione che poteva certamente non piacere, ma pur sempre una semplicissima opinione. Nel frattempo \u00e8 stata la stessa UDC a voler<\/p>\n","protected":false},"author":2,"featured_media":6545,"comment_status":"closed","ping_status":"open","sticky":false,"template":"","format":"standard","meta":{"footnotes":""},"categories":[3],"tags":[],"coauthors":[],"class_list":["post-7311","post","type-post","status-publish","format-standard","has-post-thumbnail","hentry","category-interni"],"_links":{"self":[{"href":"https:\/\/www.sinistra.ch\/index.php?rest_route=\/wp\/v2\/posts\/7311","targetHints":{"allow":["GET"]}}],"collection":[{"href":"https:\/\/www.sinistra.ch\/index.php?rest_route=\/wp\/v2\/posts"}],"about":[{"href":"https:\/\/www.sinistra.ch\/index.php?rest_route=\/wp\/v2\/types\/post"}],"author":[{"embeddable":true,"href":"https:\/\/www.sinistra.ch\/index.php?rest_route=\/wp\/v2\/users\/2"}],"replies":[{"embeddable":true,"href":"https:\/\/www.sinistra.ch\/index.php?rest_route=%2Fwp%2Fv2%2Fcomments&post=7311"}],"version-history":[{"count":1,"href":"https:\/\/www.sinistra.ch\/index.php?rest_route=\/wp\/v2\/posts\/7311\/revisions"}],"predecessor-version":[{"id":7312,"href":"https:\/\/www.sinistra.ch\/index.php?rest_route=\/wp\/v2\/posts\/7311\/revisions\/7312"}],"wp:featuredmedia":[{"embeddable":true,"href":"https:\/\/www.sinistra.ch\/index.php?rest_route=\/wp\/v2\/media\/6545"}],"wp:attachment":[{"href":"https:\/\/www.sinistra.ch\/index.php?rest_route=%2Fwp%2Fv2%2Fmedia&parent=7311"}],"wp:term":[{"taxonomy":"category","embeddable":true,"href":"https:\/\/www.sinistra.ch\/index.php?rest_route=%2Fwp%2Fv2%2Fcategories&post=7311"},{"taxonomy":"post_tag","embeddable":true,"href":"https:\/\/www.sinistra.ch\/index.php?rest_route=%2Fwp%2Fv2%2Ftags&post=7311"},{"taxonomy":"author","embeddable":true,"href":"https:\/\/www.sinistra.ch\/index.php?rest_route=%2Fwp%2Fv2%2Fcoauthors&post=7311"}],"curies":[{"name":"wp","href":"https:\/\/api.w.org\/{rel}","templated":true}]}}