{"id":7251,"date":"2018-01-04T22:08:40","date_gmt":"2018-01-04T22:08:40","guid":{"rendered":"https:\/\/www.sinistra.ch\/?p=7251"},"modified":"2018-02-17T03:13:27","modified_gmt":"2018-02-17T03:13:27","slug":"kim-jong-un-apre-ai-compatrioti-del-sud-e-nega-di-voler-usare-per-primo-larma-nucleare","status":"publish","type":"post","link":"https:\/\/www.sinistra.ch\/?p=7251","title":{"rendered":"Kim Jong Un apre ai \u201ccompatrioti del Sud\u201d e nega di voler usare per primo l\u2019arma nucleare"},"content":{"rendered":"<p align=\"justify\">In occasione del Capodanno, il leader nordcoreano <strong>Kim Jong Un<\/strong> si \u00e8 rivolto alla nazione e alla comunit\u00e0 internazionale per mezzo di una allocuzione pubblica in cui ha tirato un bilancio dell\u2019anno appena conclusosi.<\/p>\n<figure id=\"attachment_7252\" aria-describedby=\"caption-attachment-7252\" style=\"width: 282px\" class=\"wp-caption alignleft\"><a href=\"https:\/\/www.sinistra.ch\/wp-content\/uploads\/2018\/01\/provocazioni.jpg\"><img loading=\"lazy\" decoding=\"async\" class=\" wp-image-7252\" src=\"https:\/\/www.sinistra.ch\/wp-content\/uploads\/2018\/01\/provocazioni.jpg\" alt=\"\" width=\"282\" height=\"211\" srcset=\"https:\/\/www.sinistra.ch\/wp-content\/uploads\/2018\/01\/provocazioni.jpg 512w, https:\/\/www.sinistra.ch\/wp-content\/uploads\/2018\/01\/provocazioni-300x225.jpg 300w, https:\/\/www.sinistra.ch\/wp-content\/uploads\/2018\/01\/provocazioni-480x360.jpg 480w\" sizes=\"auto, (max-width: 282px) 100vw, 282px\" \/><\/a><figcaption id=\"caption-attachment-7252\" class=\"wp-caption-text\">La disinformazione del &#8220;Corriere della Sera&#8221;: il provocatore non \u00e8 Trump, ma Kim (che invece chiama al dialogo)!<\/figcaption><\/figure>\n<p align=\"justify\">Nella prima parte del suo intervento, Kim Jong Un, che \u00e8 presidente del Partito del Lavoro di Corea, uno dei tre partiti che compongono il parlamento della Repubblica Popolare Democratica di Corea (RPDC), ha voluto espressamente citare i \u201ccompatrioti del Sud\u201d che lottano per la riunificazione della penisola, cos\u00ec come \u201ci popoli progressisti e amici di tutto il mondo\u201d che si oppongono all\u2019aggressione e alla guerra e che solidarizzano con la causa nordcoreana.<\/p>\n<p align=\"justify\">Successivamente, nel suo discorso, il giovane dirigente, ha evidenziato le conquiste del paese socialista, soprattutto quelle nel campo dello sviluppo degli armamenti nucleari. Rimarcando che: \u201cil pulsante nucleare \u00e8 a mia disposizione sulla mia scrivania. Ci\u00f2 \u00e8 la realt\u00e0, non una minaccia, sia chiaro\u201d. Sebbene i media occidentali abbiano messo l\u2019accento solo sulla battuta del \u201cpulsante nucleare\u201d, seguita dalla replica di Trump, il dato centrale che emerge \u00e8 in realt\u00e0 un altro: \u201cil nostro paese, cosciente della sua responsabilit\u00e0 di potenza nucleare amante della pace, non utilizzer\u00e0 mai armi nucleari fintanto che le forze aggressive ostili non violino la sovranit\u00e0 e l\u2019interesse del nostro Stato, e tantomeno minaccino con le stesse un altro paese o regione\u201d.<\/p>\n<p align=\"justify\"><a href=\"https:\/\/www.sinistra.ch\/wp-content\/uploads\/2018\/01\/Kim-Jong-un-announces-plans-for-Winter-Olympics-898666.jpg\"><img loading=\"lazy\" decoding=\"async\" class=\" wp-image-7254 alignright\" src=\"https:\/\/www.sinistra.ch\/wp-content\/uploads\/2018\/01\/Kim-Jong-un-announces-plans-for-Winter-Olympics-898666.jpg\" alt=\"\" width=\"341\" height=\"202\" srcset=\"https:\/\/www.sinistra.ch\/wp-content\/uploads\/2018\/01\/Kim-Jong-un-announces-plans-for-Winter-Olympics-898666.jpg 590w, https:\/\/www.sinistra.ch\/wp-content\/uploads\/2018\/01\/Kim-Jong-un-announces-plans-for-Winter-Olympics-898666-300x178.jpg 300w, https:\/\/www.sinistra.ch\/wp-content\/uploads\/2018\/01\/Kim-Jong-un-announces-plans-for-Winter-Olympics-898666-480x285.jpg 480w\" sizes=\"auto, (max-width: 341px) 100vw, 341px\" \/><\/a>Il governo della Corea del Nord ribadisce insomma che \u2019arsenale nucleare \u00e8 sempre stato inserito in una logica di estesa deterrenza e dissuasione verso le minacce delle forze armate statunitensi nella regione. Inoltre \u00e8 stato aggiunto quanto segue: \u201cil nostro Partito e governo svilupperanno relazioni di buon vicinato e amicizia con tutte quelle nazioni che rispettano la sovranit\u00e0 del nostro paese e che ci trattano con amicizia e che si sforzano attivamente per costruire un nuovo mondo giusto e pacifico\u201d.<\/p>\n<p align=\"justify\">L\u2019altro dato importante \u00e8 l\u2019auspicio di Kim Jong Un di un miglioramento delle relazioni con la Corea del Sud, affermando che \u201ccompete ad entrambi le parti, smettere di acutizzare la situazione e optare per azioni unitarie in favore della distensione delle tensioni militari e propiziare una situazione di pace\u201d. Insomma: quello che emerge non \u00e8 un regime guerrafondaio, come viene invece dipinto dai media mainstream, bens\u00ec un Paese che lotta ogni giorno attivamente per la propria indipendenza e sovranit\u00e0 e per evitare che vi sia una guerra americana nella regione.<img decoding=\"async\" class=\"ajT\" src=\"https:\/\/ssl.gstatic.com\/ui\/v1\/icons\/mail\/images\/cleardot.gif\" \/><\/p>\n","protected":false},"excerpt":{"rendered":"<p>In occasione del Capodanno, il leader nordcoreano Kim Jong Un si \u00e8 rivolto alla nazione e alla comunit\u00e0 internazionale per mezzo di una allocuzione pubblica in cui ha tirato un bilancio dell\u2019anno appena conclusosi. Nella prima parte del suo intervento, Kim Jong Un, che \u00e8 presidente del Partito del Lavoro di Corea, uno dei tre partiti che compongono il parlamento della Repubblica Popolare Democratica di Corea (RPDC), ha voluto espressamente citare i \u201ccompatrioti del Sud\u201d che lottano per la riunificazione della penisola, cos\u00ec come \u201ci popoli progressisti e amici di tutto il mondo\u201d che si oppongono all\u2019aggressione e alla guerra<\/p>\n","protected":false},"author":18261,"featured_media":7253,"comment_status":"closed","ping_status":"open","sticky":false,"template":"","format":"standard","meta":{"footnotes":""},"categories":[22,28,4,13],"tags":[],"coauthors":[],"class_list":["post-7251","post","type-post","status-publish","format-standard","has-post-thumbnail","hentry","category-asia","category-editoriali","category-esteri","category-opinione"],"_links":{"self":[{"href":"https:\/\/www.sinistra.ch\/index.php?rest_route=\/wp\/v2\/posts\/7251","targetHints":{"allow":["GET"]}}],"collection":[{"href":"https:\/\/www.sinistra.ch\/index.php?rest_route=\/wp\/v2\/posts"}],"about":[{"href":"https:\/\/www.sinistra.ch\/index.php?rest_route=\/wp\/v2\/types\/post"}],"author":[{"embeddable":true,"href":"https:\/\/www.sinistra.ch\/index.php?rest_route=\/wp\/v2\/users\/18261"}],"replies":[{"embeddable":true,"href":"https:\/\/www.sinistra.ch\/index.php?rest_route=%2Fwp%2Fv2%2Fcomments&post=7251"}],"version-history":[{"count":2,"href":"https:\/\/www.sinistra.ch\/index.php?rest_route=\/wp\/v2\/posts\/7251\/revisions"}],"predecessor-version":[{"id":7261,"href":"https:\/\/www.sinistra.ch\/index.php?rest_route=\/wp\/v2\/posts\/7251\/revisions\/7261"}],"wp:featuredmedia":[{"embeddable":true,"href":"https:\/\/www.sinistra.ch\/index.php?rest_route=\/wp\/v2\/media\/7253"}],"wp:attachment":[{"href":"https:\/\/www.sinistra.ch\/index.php?rest_route=%2Fwp%2Fv2%2Fmedia&parent=7251"}],"wp:term":[{"taxonomy":"category","embeddable":true,"href":"https:\/\/www.sinistra.ch\/index.php?rest_route=%2Fwp%2Fv2%2Fcategories&post=7251"},{"taxonomy":"post_tag","embeddable":true,"href":"https:\/\/www.sinistra.ch\/index.php?rest_route=%2Fwp%2Fv2%2Ftags&post=7251"},{"taxonomy":"author","embeddable":true,"href":"https:\/\/www.sinistra.ch\/index.php?rest_route=%2Fwp%2Fv2%2Fcoauthors&post=7251"}],"curies":[{"name":"wp","href":"https:\/\/api.w.org\/{rel}","templated":true}]}}