{"id":7119,"date":"2017-11-12T00:00:10","date_gmt":"2017-11-12T00:00:10","guid":{"rendered":"https:\/\/www.sinistra.ch\/?p=7119"},"modified":"2017-11-15T16:44:55","modified_gmt":"2017-11-15T16:44:55","slug":"i-comunisti-portoghesi-spiegano-patriottismo-e-internazionalismo-sono-inseparabili","status":"publish","type":"post","link":"https:\/\/www.sinistra.ch\/?p=7119","title":{"rendered":"I comunisti portoghesi spiegano: \u201cpatriottismo e internazionalismo sono inseparabili\u201d!"},"content":{"rendered":"<p>\u201cUn partito comunista che sottovaluti il quadro internazionale della sua lotta e dimentichi i suoi doveri di solidariet\u00e0 con gli altri popoli, cade in un ristretto nazionalismo e si condanna all&#8217;isolamento e alla sconfitta. Un partito comunista che non ritenga che il suo primo dovere internazionalista \u00e8 la lotta nel proprio paese, perde il legame con le masse e cade nell&#8217;agitazione parolaia inconseguente\u201d &#8211; si apre cos\u00ec un editoriale di <strong>Albano Nunes<\/strong> apparso sul settimanale \u201cAvante\u201d, organo di informazione del Comitato Centrale del Partito Comunista Portoghese (PCP), tradotto in italiano su <a href=\"http:\/\/www.marx21.it\/index.php\/comunisti-oggi\/in-europa\/28542-patriottismo-e-internazionalismo\">Marx21<\/a>.<\/p>\n<figure id=\"attachment_7121\" aria-describedby=\"caption-attachment-7121\" style=\"width: 257px\" class=\"wp-caption alignleft\"><a href=\"https:\/\/www.sinistra.ch\/wp-content\/uploads\/2017\/11\/nunes.jpg\"><img loading=\"lazy\" decoding=\"async\" class=\" wp-image-7121\" src=\"https:\/\/www.sinistra.ch\/wp-content\/uploads\/2017\/11\/nunes-300x169.jpg\" alt=\"\" width=\"257\" height=\"145\" srcset=\"https:\/\/www.sinistra.ch\/wp-content\/uploads\/2017\/11\/nunes-300x169.jpg 300w, https:\/\/www.sinistra.ch\/wp-content\/uploads\/2017\/11\/nunes-768x432.jpg 768w, https:\/\/www.sinistra.ch\/wp-content\/uploads\/2017\/11\/nunes-1024x576.jpg 1024w, https:\/\/www.sinistra.ch\/wp-content\/uploads\/2017\/11\/nunes-480x270.jpg 480w, https:\/\/www.sinistra.ch\/wp-content\/uploads\/2017\/11\/nunes-889x500.jpg 889w, https:\/\/www.sinistra.ch\/wp-content\/uploads\/2017\/11\/nunes.jpg 1920w\" sizes=\"auto, (max-width: 257px) 100vw, 257px\" \/><\/a><figcaption id=\"caption-attachment-7121\" class=\"wp-caption-text\">Albano Nunes, membro della Segreteria del Comitato Centrale del PCP<\/figcaption><\/figure>\n<p>Nunes spiega che in Portogallo si stia vivendo una situazione politica particolarmente originale, in controcorrente rispetto a quanto sta accadendo nel resto d\u2019Europa: il riferimento \u00e8 il governo socialdemocratico che il PCP ha deciso di appoggiare, ma avverte: \u201csenza una rottura con decenni di politica di destra e con i vincoli esterni, non sar\u00e0 possibile assicurare lo sviluppo economico, il progresso sociale e la sovranit\u00e0 del Paese. La politica patriottica e di sinistra che il PCP promuove, \u00e8 indispensabile per un Portogallo con futuro\u201d.<\/p>\n<p>Difendere la sovranit\u00e0 nazionale non \u00e8 un tema di destra, nonostante ampia parte della sinistra liberal europea lo pensi. Al contrario affrontare \u201cle ingerenze dell&#8217;imperialismo, siano esse dell&#8217;Unione Europea, della NATO, del FMI o di qualsiasi altra istanza sovranazionale, \u00e8 un dovere fondamentale: (\u2026) rappresentando un compito patriottico irrinunciabile, la difesa della sovranit\u00e0 nazionale \u00e8 anche il migliore contributo alla lotta antimperialista e alla causa universale della liberazione dei lavoratori e dei popoli\u201d.<\/p>\n<figure id=\"attachment_7122\" aria-describedby=\"caption-attachment-7122\" style=\"width: 206px\" class=\"wp-caption alignright\"><a href=\"https:\/\/www.sinistra.ch\/wp-content\/uploads\/2017\/11\/pcp_cartellone.jpg\"><img loading=\"lazy\" decoding=\"async\" class=\"size-medium wp-image-7122\" src=\"https:\/\/www.sinistra.ch\/wp-content\/uploads\/2017\/11\/pcp_cartellone-206x300.jpg\" alt=\"\" width=\"206\" height=\"300\" srcset=\"https:\/\/www.sinistra.ch\/wp-content\/uploads\/2017\/11\/pcp_cartellone-206x300.jpg 206w, https:\/\/www.sinistra.ch\/wp-content\/uploads\/2017\/11\/pcp_cartellone.jpg 215w\" sizes=\"auto, (max-width: 206px) 100vw, 206px\" \/><\/a><figcaption id=\"caption-attachment-7122\" class=\"wp-caption-text\">&#8220;Lavoro &#8211; Diritti &#8211; Sovranit\u00e0&#8221;<\/figcaption><\/figure>\n<p>Ma la lotta della sinistra portoghese non pu\u00f2 essere indifferente dal contest mondiale. E\u2019 una questione centrale per impedire di cadere nella prassi amministrativa e priva di prospettiva come vediamo spesso nei partiti socialdemocratici. Il giornalista dell\u2019Avante spiega ad esempio: \u201cnel 1974 il rapporto di forze sul piano internazionale, il processo di distensione in Europa promosso dall&#8217;Unione Sovietica e l&#8217;alleanza con la lotta dei popoli africani contro il colonialismo portoghese, avevano favorito la Rivoluzione di Aprile (quella che rovesci\u00f2 il regime fascista portoghese, NdR).<\/p>\n<p>Oggi, al contrario, viviamo le conseguenze della scomparsa dell&#8217;URSS e del campo socialista e i tempi sono quelli della resistenza e dell&#8217;accumulazione delle forze. Ma attenzione. L&#8217;attendismo e la rinuncia alimentati dalla classe dominante per neutralizzare e distruggere le forze rivoluzionarie raccoglier\u00e0 frutti solo tra coloro che hanno dimenticato le lezioni del passato \u2013 il cammino della rivoluzione \u00e8 fatto di avanzate e ritirate, di vittorie e sconfitte, ma segue sempre una linea ascendente \u2013 e hanno smarrito la prospettiva del socialismo\u201d.<\/p>\n<p>Il PCP nega poi il \u201cvolontarismo\u201d e rivendica la sua azione politica odierna \u201cbasandosi sull&#8217;analisi delle contraddizioni e dei limiti storici del capitalismo e della necessit\u00e0 del suo superamento rivoluzionario. E sottolineando che, nonostante tutte le apparenze pessimistiche,\u00a0 i grandi pericoli dell&#8217;offensiva dell&#8217;imperialismo coesistono con reali potenzialit\u00e0 di sviluppi progressisti e rivoluzionari\u201d.<\/p>\n","protected":false},"excerpt":{"rendered":"<p>\u201cUn partito comunista che sottovaluti il quadro internazionale della sua lotta e dimentichi i suoi doveri di solidariet\u00e0 con gli altri popoli, cade in un ristretto nazionalismo e si condanna all&#8217;isolamento e alla sconfitta. Un partito comunista che non ritenga che il suo primo dovere internazionalista \u00e8 la lotta nel proprio paese, perde il legame con le masse e cade nell&#8217;agitazione parolaia inconseguente\u201d &#8211; si apre cos\u00ec un editoriale di Albano Nunes apparso sul settimanale \u201cAvante\u201d, organo di informazione del Comitato Centrale del Partito Comunista Portoghese (PCP), tradotto in italiano su Marx21. Nunes spiega che in Portogallo si stia vivendo<\/p>\n","protected":false},"author":2,"featured_media":7120,"comment_status":"closed","ping_status":"open","sticky":false,"template":"","format":"standard","meta":{"footnotes":""},"categories":[20,4],"tags":[],"coauthors":[],"class_list":["post-7119","post","type-post","status-publish","format-standard","has-post-thumbnail","hentry","category-europa","category-esteri"],"_links":{"self":[{"href":"https:\/\/www.sinistra.ch\/index.php?rest_route=\/wp\/v2\/posts\/7119","targetHints":{"allow":["GET"]}}],"collection":[{"href":"https:\/\/www.sinistra.ch\/index.php?rest_route=\/wp\/v2\/posts"}],"about":[{"href":"https:\/\/www.sinistra.ch\/index.php?rest_route=\/wp\/v2\/types\/post"}],"author":[{"embeddable":true,"href":"https:\/\/www.sinistra.ch\/index.php?rest_route=\/wp\/v2\/users\/2"}],"replies":[{"embeddable":true,"href":"https:\/\/www.sinistra.ch\/index.php?rest_route=%2Fwp%2Fv2%2Fcomments&post=7119"}],"version-history":[{"count":3,"href":"https:\/\/www.sinistra.ch\/index.php?rest_route=\/wp\/v2\/posts\/7119\/revisions"}],"predecessor-version":[{"id":7125,"href":"https:\/\/www.sinistra.ch\/index.php?rest_route=\/wp\/v2\/posts\/7119\/revisions\/7125"}],"wp:featuredmedia":[{"embeddable":true,"href":"https:\/\/www.sinistra.ch\/index.php?rest_route=\/wp\/v2\/media\/7120"}],"wp:attachment":[{"href":"https:\/\/www.sinistra.ch\/index.php?rest_route=%2Fwp%2Fv2%2Fmedia&parent=7119"}],"wp:term":[{"taxonomy":"category","embeddable":true,"href":"https:\/\/www.sinistra.ch\/index.php?rest_route=%2Fwp%2Fv2%2Fcategories&post=7119"},{"taxonomy":"post_tag","embeddable":true,"href":"https:\/\/www.sinistra.ch\/index.php?rest_route=%2Fwp%2Fv2%2Ftags&post=7119"},{"taxonomy":"author","embeddable":true,"href":"https:\/\/www.sinistra.ch\/index.php?rest_route=%2Fwp%2Fv2%2Fcoauthors&post=7119"}],"curies":[{"name":"wp","href":"https:\/\/api.w.org\/{rel}","templated":true}]}}