{"id":6432,"date":"2017-04-24T00:10:30","date_gmt":"2017-04-24T00:10:30","guid":{"rendered":"https:\/\/www.sinistra.ch\/?p=6432"},"modified":"2017-04-24T00:23:50","modified_gmt":"2017-04-24T00:23:50","slug":"a-chi-puo-rivolgersi-la-classe-operaia-dopo-il-primo-turno-delle-elezioni-presidenziali-francesi","status":"publish","type":"post","link":"https:\/\/www.sinistra.ch\/?p=6432","title":{"rendered":"A chi pu\u00f2 rivolgersi la classe operaia dopo il primo turno delle elezioni presidenziali francesi?"},"content":{"rendered":"<p style=\"text-align: justify;\">Il Partito Socialista Francese ha subito la sorte del PASOK greco ed \u00e8 uscito di scena, colpevole del suo ripiegamento guerrafondaio e neoliberista sotto il pessimo <strong>Fran\u00e7ois Hollande<\/strong>: questo \u00e8 un dato politico centrale. Il sorpasso di <strong>Jean-Luc M\u00e9lenchon<\/strong> (sostenuto dai comunisti, dai giovani e che ha saputo conquistare la fiducia della vecchia \u201cbanlieu rouge\u201d parigina) che ha condotto giustamente una campagna abbastanza profilata contro l\u2019UE e la NATO \u00e8 un altro elemento estre<span class=\"m_6417088356405584762gmail-text_exposed_show\">mamente rilevante. Se il PS avessero sostenuto la sinistra, oggi M\u00e9lenchon sarebbe sicuramente al secondo turno, ma come sempre nei momenti di crisi la socialdemocrazia sbaglia e consegna il paese al grande capitale atlantico. Ora al ballottaggio ci sar\u00e0 un neo-liberista, bellicista e ultra-europeista come <strong>Emmanuel Macron<\/strong> e una cosiddetta nazionalista come <strong>Marine Le Pen<\/strong>.<\/span><\/p>\n<p style=\"text-align: justify;\">Dico \u201ccosiddetta nazionalista\u201d perch\u00e9 il suo non \u00e8 il patriottismo della tradizione rivoluzionaria francese: oggi Le Pen non solo \u00e8 una sostenitrice del sionismo israeliano (e degli interessi economici che ne derivano anche in Francia) ma ha pure sostenuto l\u2019interventismo militare in Mali: bench\u00e9 Le Pen sia contro l\u2019UE e intelligentemente strizzi l\u2019occhio all\u2019area euroasiatica (ponendosi giustamente contro le sanzioni alla Russia) non mi farei quindi troppe illusioni geopolitiche, perch\u00e9 presto &#8211; di fronte a un probabile fallimento economico e sociale di Macron &#8211; godr\u00e0 del sostegno aperto di quella grande borghesia che ora diffida ancora di lei ma che la potrebbe chiamare a tempo debito per calmare il malcontento sociale.<\/p>\n<p style=\"text-align: justify;\">Inutile dire che di fronte alla destra padronale e alla sinistra globalista che esalter\u00e0 Macron, se la classe operaia e i ceti popolari finiranno per votare massicciamente Le Pen, non ci sar\u00e0 n\u00e9 da stupirsi n\u00e9 da biasimarli.<\/p>\n<p style=\"text-align: justify;\">E\u2019 imbarazzante quella parte di apparato della sinistra francese (socialdemocratica, eurocomunista, ecc.) che oggi, senza neanche attendere i risultati definitivi, aveva gi\u00e0 fatto sapere di votare, al secondo turno, per il candidato delle banche, del militarismo e dell\u2019UE contro la candidata xenofoba. Le loro pseudo-analisi post-moderne, che di marxista non hanno pi\u00f9 nulla se non forse la retorica (la vecchia differenza fra struttura e sovrastruttura sembra, ad esempio, essere ormai un ferrovecchio!) temo che riusciranno solo a spingere ulteriori voti operai che ancora guardavano al PCF o al PS verso il <em>Front National<\/em>.<\/p>\n<p style=\"text-align: justify;\">Da questo punto di vista, la linea seria del troppo poco considerato <a href=\"http:\/\/www.initiative-communiste.fr\/articles\/prcf\/presidentielle2017-declaration-prcf-resultats-1er-tour-de-presidentielle-2017\/?utm_source=Sociallymap&amp;utm_medium=Sociallymap&amp;utm_campaign=Sociallymap\"><em>PRCF &#8211; P\u00f4le de Renaissance Communiste en France<\/em><\/a> merita un plauso.<\/p>\n","protected":false},"excerpt":{"rendered":"<p>Il Partito Socialista Francese ha subito la sorte del PASOK greco ed \u00e8 uscito di scena, colpevole del suo ripiegamento guerrafondaio e neoliberista sotto il pessimo Fran\u00e7ois Hollande: questo \u00e8 un dato politico centrale. Il sorpasso di Jean-Luc M\u00e9lenchon (sostenuto dai comunisti, dai giovani e che ha saputo conquistare la fiducia della vecchia \u201cbanlieu rouge\u201d parigina) che ha condotto giustamente una campagna abbastanza profilata contro l\u2019UE e la NATO \u00e8 un altro elemento estremamente rilevante. Se il PS avessero sostenuto la sinistra, oggi M\u00e9lenchon sarebbe sicuramente al secondo turno, ma come sempre nei momenti di crisi la socialdemocrazia sbaglia e<\/p>\n","protected":false},"author":16409,"featured_media":6433,"comment_status":"closed","ping_status":"open","sticky":false,"template":"","format":"standard","meta":{"footnotes":""},"categories":[28,20,4,13],"tags":[],"coauthors":[],"class_list":["post-6432","post","type-post","status-publish","format-standard","has-post-thumbnail","hentry","category-editoriali","category-europa","category-esteri","category-opinione"],"_links":{"self":[{"href":"https:\/\/www.sinistra.ch\/index.php?rest_route=\/wp\/v2\/posts\/6432","targetHints":{"allow":["GET"]}}],"collection":[{"href":"https:\/\/www.sinistra.ch\/index.php?rest_route=\/wp\/v2\/posts"}],"about":[{"href":"https:\/\/www.sinistra.ch\/index.php?rest_route=\/wp\/v2\/types\/post"}],"author":[{"embeddable":true,"href":"https:\/\/www.sinistra.ch\/index.php?rest_route=\/wp\/v2\/users\/16409"}],"replies":[{"embeddable":true,"href":"https:\/\/www.sinistra.ch\/index.php?rest_route=%2Fwp%2Fv2%2Fcomments&post=6432"}],"version-history":[{"count":2,"href":"https:\/\/www.sinistra.ch\/index.php?rest_route=\/wp\/v2\/posts\/6432\/revisions"}],"predecessor-version":[{"id":6435,"href":"https:\/\/www.sinistra.ch\/index.php?rest_route=\/wp\/v2\/posts\/6432\/revisions\/6435"}],"wp:featuredmedia":[{"embeddable":true,"href":"https:\/\/www.sinistra.ch\/index.php?rest_route=\/wp\/v2\/media\/6433"}],"wp:attachment":[{"href":"https:\/\/www.sinistra.ch\/index.php?rest_route=%2Fwp%2Fv2%2Fmedia&parent=6432"}],"wp:term":[{"taxonomy":"category","embeddable":true,"href":"https:\/\/www.sinistra.ch\/index.php?rest_route=%2Fwp%2Fv2%2Fcategories&post=6432"},{"taxonomy":"post_tag","embeddable":true,"href":"https:\/\/www.sinistra.ch\/index.php?rest_route=%2Fwp%2Fv2%2Ftags&post=6432"},{"taxonomy":"author","embeddable":true,"href":"https:\/\/www.sinistra.ch\/index.php?rest_route=%2Fwp%2Fv2%2Fcoauthors&post=6432"}],"curies":[{"name":"wp","href":"https:\/\/api.w.org\/{rel}","templated":true}]}}