{"id":5391,"date":"2016-08-13T23:11:36","date_gmt":"2016-08-13T23:11:36","guid":{"rendered":"https:\/\/www.sinistra.ch\/?p=5391"},"modified":"2016-08-30T23:11:53","modified_gmt":"2016-08-30T23:11:53","slug":"tutti-in-strada-dalla-pardoway-alla-noway-2","status":"publish","type":"post","link":"https:\/\/www.sinistra.ch\/?p=5391","title":{"rendered":"Tutti in (st)rada: dalla PardoWay alla NoWay"},"content":{"rendered":"<p style=\"text-align: justify;\">Agosto 2016:\u00a0la\u00a0<em>PardoWay<\/em>\u00a0\u00e8 morta. Parlando con i frequentatori abituali del Festival Internazionale del Film di Locarno, in molti non si ricordano nemmeno della sua esistenza. Per chi non sapesse di cosa si stia parlando,\u00a0<em>PardoWay<\/em>\u00a0era il nome dato al\u00a0corollario\u00a0di locali pubblici ufficialmente affiliati alla kermesse locarnese durante lo svolgimento della stessa. Tali locali garantivano, &#8220;<em>partendo dalla colazione all\u2019alba fino alle ore piccole<\/em>&#8220;, un supporto costante ai vari\u00a0<em>parders<\/em>\u00a0ma non solo.<\/p>\n<figure id=\"attachment_5402\" aria-describedby=\"caption-attachment-5402\" style=\"width: 300px\" class=\"wp-caption alignleft\"><a href=\"https:\/\/www.sinistra.ch\/wp-content\/uploads\/2016\/08\/13923289_10209687816579770_2306868283227434268_o.jpg\"><img loading=\"lazy\" decoding=\"async\" class=\"size-medium wp-image-5402\" src=\"https:\/\/www.sinistra.ch\/wp-content\/uploads\/2016\/08\/13923289_10209687816579770_2306868283227434268_o-300x224.jpg\" alt=\"Imponente dispiegamento di Polizia all'ultima serata della 69esima edizione del Festival del Film di Locarno.\" width=\"300\" height=\"224\" srcset=\"https:\/\/www.sinistra.ch\/wp-content\/uploads\/2016\/08\/13923289_10209687816579770_2306868283227434268_o-300x224.jpg 300w, https:\/\/www.sinistra.ch\/wp-content\/uploads\/2016\/08\/13923289_10209687816579770_2306868283227434268_o-768x572.jpg 768w, https:\/\/www.sinistra.ch\/wp-content\/uploads\/2016\/08\/13923289_10209687816579770_2306868283227434268_o-1024x763.jpg 1024w, https:\/\/www.sinistra.ch\/wp-content\/uploads\/2016\/08\/13923289_10209687816579770_2306868283227434268_o-480x358.jpg 480w, https:\/\/www.sinistra.ch\/wp-content\/uploads\/2016\/08\/13923289_10209687816579770_2306868283227434268_o-671x500.jpg 671w, https:\/\/www.sinistra.ch\/wp-content\/uploads\/2016\/08\/13923289_10209687816579770_2306868283227434268_o.jpg 2048w\" sizes=\"auto, (max-width: 300px) 100vw, 300px\" \/><\/a><figcaption id=\"caption-attachment-5402\" class=\"wp-caption-text\">Imponente dispiegamento di Polizia all&#8217;ultima serata della 69esima edizione del Festival del Film di Locarno.<\/figcaption><\/figure>\n<p style=\"text-align: justify;\">E in effetti punti di ritrovo quali la\u00a0<em>Suite<\/em>\u00a0rimanevano aperti fino alle cinque di mattina, assicurando costantemente la possibilit\u00e0 di ristorarsi, di bere un bicchiere oppure semplicemente di avere a disposizione uno spazio di discussione sui film appena visionati o venturi.\u00a0Perch\u00e9 il Cinema non \u00e8 solo film, \u00e8 anche tutto quanto vi ruota attorno. E per un Festival che si vuole (ancora?) internazionale come quello di Locarno, sarebbe impensabile non garantire ai propri ospiti una degna accoglienza anche durante le ore notturne.<\/p>\n<figure id=\"attachment_5337\" aria-describedby=\"caption-attachment-5337\" style=\"width: 300px\" class=\"wp-caption alignright\"><a href=\"https:\/\/www.sinistra.ch\/wp-content\/uploads\/2016\/08\/palazzo-del-cinema.jpg\"><img loading=\"lazy\" decoding=\"async\" class=\"size-medium wp-image-5337\" src=\"https:\/\/www.sinistra.ch\/wp-content\/uploads\/2016\/08\/palazzo-del-cinema-300x181.jpg\" alt=\"Lo stabile in cui avr\u00e0 sede il Palazzo del Cinema, un tempo sede di numerose associazioni ed eventi collaterali alla kermesse.\" width=\"300\" height=\"181\" srcset=\"https:\/\/www.sinistra.ch\/wp-content\/uploads\/2016\/08\/palazzo-del-cinema-300x181.jpg 300w, https:\/\/www.sinistra.ch\/wp-content\/uploads\/2016\/08\/palazzo-del-cinema-768x463.jpg 768w, https:\/\/www.sinistra.ch\/wp-content\/uploads\/2016\/08\/palazzo-del-cinema-1024x618.jpg 1024w, https:\/\/www.sinistra.ch\/wp-content\/uploads\/2016\/08\/palazzo-del-cinema-480x290.jpg 480w, https:\/\/www.sinistra.ch\/wp-content\/uploads\/2016\/08\/palazzo-del-cinema-829x500.jpg 829w\" sizes=\"auto, (max-width: 300px) 100vw, 300px\" \/><\/a><figcaption id=\"caption-attachment-5337\" class=\"wp-caption-text\">Lo stabile in cui avr\u00e0 sede il Palazzo del Cinema, un tempo sede di numerose associazioni ed eventi collaterali alla kermesse.<\/figcaption><\/figure>\n<p style=\"text-align: justify;\">Sarebbe, poich\u00e9 gi\u00e0 a partire dalla\u00a065esima edizione (2012) i locali affiliati alla rassegna avevano subito un ridimensionamento orario piuttosto pesante: chiusura al pi\u00f9 tardi alle tre di notte. Come se ci\u00f2 non bastasse, quest&#8217;anno la\u00a0<em>PardoWay<\/em>\u00a0ha lasciato definitivamente il posto a un altro<i>\u00a0<\/i>luogo, quello della Rotonda del Festival. La scelta \u00e8 comprensibile, visto che quest&#8217;anno essa \u00e8 direttamente gestita dal Festival, ma meno comprensibile \u00e8 la centralizzazione delle attivit\u00e0 extra-filmiche in un unico luogo, non permettendo ai nuovi visitatori di conoscere la citt\u00e0 vecchia e altri angoli della citt\u00e0 che ora non appaiono pi\u00f9 sotto i riflettori della maculata macchina organizzativa giallo-nera.<\/p>\n<p style=\"text-align: justify;\">La tendenza centrificatoria \u00e8 anche confermata dalla decisione di proseguire\u00a0l&#8217;edificazione\u00a0del Palazzo del Cinema, stabile che fu sede di numerose associazioni di pubblica utilit\u00e0. In questo immobile venivano una volta organizzate dalle associazioni ivi presenti numerose attivit\u00e0 culturali e ricreative, generando\u00a0un piacevole flusso di persone che in questa edizione si pu\u00f2 purtroppo unicamente ricordare.\u00a0Una decentralizzazione dei luoghi legati al Festival\u00a0permetterebbe peraltro, come negli scorsi anni, importanti ricadute economiche sulle attivit\u00e0 della Citt\u00e0. Saranno\u00a0soddisfatti\u00a0gli esercenti e i commercianti&#8230;<\/p>\n<figure id=\"attachment_5336\" aria-describedby=\"caption-attachment-5336\" style=\"width: 300px\" class=\"wp-caption alignleft\"><a href=\"https:\/\/www.sinistra.ch\/wp-content\/uploads\/2016\/08\/chatrian_palazzo-del-cinema.jpg\"><img loading=\"lazy\" decoding=\"async\" class=\"size-medium wp-image-5336\" src=\"https:\/\/www.sinistra.ch\/wp-content\/uploads\/2016\/08\/chatrian_palazzo-del-cinema-300x77.jpg\" alt=\"La dichiarazione di Carlo Chatrian, Direttore artistico dell'evento. Un tentativo di critica alla tendenza in atto?\" width=\"300\" height=\"77\" srcset=\"https:\/\/www.sinistra.ch\/wp-content\/uploads\/2016\/08\/chatrian_palazzo-del-cinema-300x77.jpg 300w, https:\/\/www.sinistra.ch\/wp-content\/uploads\/2016\/08\/chatrian_palazzo-del-cinema-768x197.jpg 768w, https:\/\/www.sinistra.ch\/wp-content\/uploads\/2016\/08\/chatrian_palazzo-del-cinema-1024x262.jpg 1024w, https:\/\/www.sinistra.ch\/wp-content\/uploads\/2016\/08\/chatrian_palazzo-del-cinema-480x123.jpg 480w, https:\/\/www.sinistra.ch\/wp-content\/uploads\/2016\/08\/chatrian_palazzo-del-cinema.jpg 1931w\" sizes=\"auto, (max-width: 300px) 100vw, 300px\" \/><\/a><figcaption id=\"caption-attachment-5336\" class=\"wp-caption-text\">La dichiarazione di Carlo Chatrian, Direttore artistico dell&#8217;evento. Un tentativo di critica alla tendenza in atto?<\/figcaption><\/figure>\n<p style=\"text-align: justify;\">Sulla guida ufficiale di quest&#8217;anno, quasi a mettere in guardia sulla nefasta dinamica\u00a0in atto, \u00e8 pure presente una quantomeno curiosa dichiarazione del Direttore artistico della manifestazione, Carlo Chatrian relativa al Palazzo del Cinema. &#8220;<em>A pensar male si fa peccato, ma spesso ci si azzecca<\/em>&#8221; diceva\u00a0un noto politico italiano della Democrazia Cristiana.<\/p>\n<figure id=\"attachment_5382\" aria-describedby=\"caption-attachment-5382\" style=\"width: 300px\" class=\"wp-caption alignright\"><a href=\"https:\/\/www.sinistra.ch\/wp-content\/uploads\/2016\/08\/polizia-pardo.jpg\"><img loading=\"lazy\" decoding=\"async\" class=\"wp-image-5382 size-medium\" src=\"https:\/\/www.sinistra.ch\/wp-content\/uploads\/2016\/08\/polizia-pardo-300x300.jpg\" width=\"300\" height=\"300\" srcset=\"https:\/\/www.sinistra.ch\/wp-content\/uploads\/2016\/08\/polizia-pardo-300x300.jpg 300w, https:\/\/www.sinistra.ch\/wp-content\/uploads\/2016\/08\/polizia-pardo-150x150.jpg 150w, https:\/\/www.sinistra.ch\/wp-content\/uploads\/2016\/08\/polizia-pardo-480x480.jpg 480w, https:\/\/www.sinistra.ch\/wp-content\/uploads\/2016\/08\/polizia-pardo-500x500.jpg 500w, https:\/\/www.sinistra.ch\/wp-content\/uploads\/2016\/08\/polizia-pardo.jpg 750w\" sizes=\"auto, (max-width: 300px) 100vw, 300px\" \/><\/a><figcaption id=\"caption-attachment-5382\" class=\"wp-caption-text\">Quest&#8217;anno in vari punti della citt\u00e0 \u00e8 stata costante e invasiva la presenza della Polizia, armata di mitragliatori.<\/figcaption><\/figure>\n<p style=\"text-align: justify;\">Ad oggi il Festival di Locarno non sembra purtroppo pi\u00f9 essere in grado di accogliere degnamente n\u00e9 gli ospiti internazionali, n\u00e9 gli interessati locali.\u00a0Nel clima di repressione generale che si respira a Locarno in questi giorni &#8211; fra poliziotti armati di mitragliatori e perquisizioni all&#8217;entrata di ogni proiezione &#8211; entro le tre di notte \u00e8 tutto chiuso, impossibile accedere a dei locali pubblici anche semplicemente per mangiare qualcosa, nemmeno il fine settimana. L&#8217;inutilit\u00e0 di tale tipologia di misure di sicurezza sembra peraltro essere confermata dal fatto che una persona in stato d&#8217;ebbrezza\u00a0riesca a dare parzialmente fuoco allo schermo di Piazza Grande.<\/p>\n<p style=\"text-align: justify;\">Nell&#8217;apertura dell&#8217;ultimo\u00a0editoriale dei celebri\u00a0<em>Cahiers du Cinema<\/em>, a firma di St\u00e9phane Delorme, \u00e8 presente il seguente\u00a0passaggio: &#8220;<em>Vorremmo\u00a0anche prendere il largo, e staccarci da quest&#8217;altro clima, pesante e inquietante, quello della privazione dei diritti, che pervade il paese come un veleno.<\/em>&#8221; (Cahiers du Cinema n\u00b0 724, luglio-agosto 2016). Delorme parla della Francia, si capisce, ma trascorrendo\u00a0del tempo a Locarno si pu\u00f2 dedurre\u00a0che tale analisi \u00e8 adatta anche ad altre realt\u00e0.<\/p>\n<figure id=\"attachment_5323\" aria-describedby=\"caption-attachment-5323\" style=\"width: 300px\" class=\"wp-caption alignleft\"><a href=\"https:\/\/www.sinistra.ch\/wp-content\/uploads\/2016\/08\/IMG_1372.jpg\"><img loading=\"lazy\" decoding=\"async\" class=\"wp-image-5323 size-medium\" src=\"https:\/\/www.sinistra.ch\/wp-content\/uploads\/2016\/08\/IMG_1372-300x211.jpg\" alt=\"ALL IN - JamesDylanRay feat. Electric Heroes United\u2122\" width=\"300\" height=\"211\" srcset=\"https:\/\/www.sinistra.ch\/wp-content\/uploads\/2016\/08\/IMG_1372-300x211.jpg 300w, https:\/\/www.sinistra.ch\/wp-content\/uploads\/2016\/08\/IMG_1372-768x541.jpg 768w, https:\/\/www.sinistra.ch\/wp-content\/uploads\/2016\/08\/IMG_1372-1024x721.jpg 1024w, https:\/\/www.sinistra.ch\/wp-content\/uploads\/2016\/08\/IMG_1372-480x338.jpg 480w, https:\/\/www.sinistra.ch\/wp-content\/uploads\/2016\/08\/IMG_1372-710x500.jpg 710w\" sizes=\"auto, (max-width: 300px) 100vw, 300px\" \/><\/a><figcaption id=\"caption-attachment-5323\" class=\"wp-caption-text\">La locandina del programma &#8220;<em>ALL IN &#8211; JamesDylanRay feat. Electric Heroes United\u2122<\/em>&#8220;, organizzato dall&#8217;associazione\u00a0<em>la rada<\/em>.<\/figcaption><\/figure>\n<p style=\"text-align: justify;\">Non \u00e8 in ogni caso\u00a0la mancanza di infrastrutture a denotare questa incapacit\u00e0 invece s\u00ec strutturale di accoglienza del pubblico a Locarno, sebbene le imposizioni orarie ai locali pubblici.\u00a0Non sono infatti mancate le critiche all&#8217;operato della Polizia. Fra i pochi eventi rimasti al di fuori delle proiezioni, la mostra &#8220;<em>ALL IN &#8211;\u00a0JamesDylanRay feat. Electric Heroes United\u2122<\/em>&#8221; organizzata dall&#8217;associazione culturale\u00a0<a href=\"http:\/\/www.larada.ch\"><em>la rada<\/em><\/a>, \u00e8 stata oggetto di visite sicuramente poco edificanti e forse pure poco legali (girano voci di macchine fotografiche arbitrariamente sequestrate ad invitati alla kermesse locarnese) da parte degli agenti di Polizia. Vari invitati al\u00a0Festival hanno infatti espresso dure critiche alla poca\u00a0tolleranza e ai modi di agire delle forze dell&#8217;ordine. Critiche che\u00a0causano un danno d&#8217;immagine non solo al Festival, ma anche alla Citt\u00e0 e alla regione tutta. Interpellando i poliziotti intervenuti in tale occasione, le ragioni dell&#8217;intervento sono apparse\u00a0poco chiare e fuorvianti, cos\u00ec come le modalit\u00e0 atte a interpellare\u00a0i passanti: &#8220;<em>che ore sono?! \u00c8 ora di andare a casa!<\/em>&#8220;.<\/p>\n<figure id=\"attachment_5324\" aria-describedby=\"caption-attachment-5324\" style=\"width: 300px\" class=\"wp-caption alignright\"><a href=\"https:\/\/www.sinistra.ch\/wp-content\/uploads\/2016\/08\/Schermata-2016-08-11-alle-16.05.34.png\"><img loading=\"lazy\" decoding=\"async\" class=\"wp-image-5324 size-medium\" src=\"https:\/\/www.sinistra.ch\/wp-content\/uploads\/2016\/08\/Schermata-2016-08-11-alle-16.05.34-300x191.png\" alt=\"La dichiarazione ufficiale de la rada su Facebook, in seguito ai fatti avvenuti nella notte fra marted\u00ec 2 e mercoled\u00ec 3 agosto 2016.\" width=\"300\" height=\"191\" srcset=\"https:\/\/www.sinistra.ch\/wp-content\/uploads\/2016\/08\/Schermata-2016-08-11-alle-16.05.34-300x191.png 300w, https:\/\/www.sinistra.ch\/wp-content\/uploads\/2016\/08\/Schermata-2016-08-11-alle-16.05.34-768x488.png 768w, https:\/\/www.sinistra.ch\/wp-content\/uploads\/2016\/08\/Schermata-2016-08-11-alle-16.05.34-480x305.png 480w, https:\/\/www.sinistra.ch\/wp-content\/uploads\/2016\/08\/Schermata-2016-08-11-alle-16.05.34-786x500.png 786w, https:\/\/www.sinistra.ch\/wp-content\/uploads\/2016\/08\/Schermata-2016-08-11-alle-16.05.34.png 1022w\" sizes=\"auto, (max-width: 300px) 100vw, 300px\" \/><\/a><figcaption id=\"caption-attachment-5324\" class=\"wp-caption-text\">La dichiarazione de\u00a0<em>la rada<\/em>\u00a0\u00e8 apparsa direttamente sulla pagina ufficiale su Facebook.<\/figcaption><\/figure>\n<p style=\"text-align: justify;\">Il giorno successivo, in seguito\u00a0alle pressioni, arriva\u00a0la decisione presa da parte dell&#8217;associazione culturale di interrompere la mostra in questione, tramite un annuncio comunicato tramite il\u00a0profilo ufficiale sul social network Facebook.\u00a0La sera stessa dell&#8217;annuncio\u00a0sono pure circolate voci di agenti in assetto antisommossa presenti dinanzi al cancello d&#8217;entrata dello stabile situato in via Morettina 2, onde evitare l&#8217;avvicinamento di persone, seppur la mostra fosse stata dichiarata interrotta.<\/p>\n<figure id=\"attachment_5338\" aria-describedby=\"caption-attachment-5338\" style=\"width: 300px\" class=\"wp-caption alignleft\"><a href=\"https:\/\/www.sinistra.ch\/wp-content\/uploads\/2016\/08\/stabile-rada.jpg\"><img loading=\"lazy\" decoding=\"async\" class=\"wp-image-5338 size-medium\" src=\"https:\/\/www.sinistra.ch\/wp-content\/uploads\/2016\/08\/stabile-rada-300x225.jpg\" alt=\"Via Morettina 2: l'attuale sede dell'associazione la rada.\" width=\"300\" height=\"225\" srcset=\"https:\/\/www.sinistra.ch\/wp-content\/uploads\/2016\/08\/stabile-rada-300x225.jpg 300w, https:\/\/www.sinistra.ch\/wp-content\/uploads\/2016\/08\/stabile-rada-768x576.jpg 768w, https:\/\/www.sinistra.ch\/wp-content\/uploads\/2016\/08\/stabile-rada-1024x768.jpg 1024w, https:\/\/www.sinistra.ch\/wp-content\/uploads\/2016\/08\/stabile-rada-480x360.jpg 480w, https:\/\/www.sinistra.ch\/wp-content\/uploads\/2016\/08\/stabile-rada-667x500.jpg 667w\" sizes=\"auto, (max-width: 300px) 100vw, 300px\" \/><\/a><figcaption id=\"caption-attachment-5338\" class=\"wp-caption-text\">Via Morettina 2: l&#8217;attuale sede dell&#8217;associazione\u00a0<em>la rada<\/em>.<\/figcaption><\/figure>\n<p style=\"text-align: justify;\">A onor di cronaca, tra gioved\u00ec 11 e venerd\u00ec 12 luglio 2016, il Direttore de\u00a0<em>la rada<\/em>\u00a0Riccardo Lisi riceve pure una lettera raccomandata &#8211; immediatamente diffusa dall&#8217;associazione stessa su Facebook &#8211; da parte dell&#8217;organo esecutivo della Citt\u00e0 di Locarno, firmata dal Sindaco &#8220;liberale&#8221; Alain Scherrer (s\u00ec, colui solito\u00a0cantare &#8220;(&#8230;)\u00a0<em>voglio una vita spericolata<\/em>\u00a0(&#8230;)&#8221; con la sua cover-band\u00a0<em>Vasco Jam<\/em>). Raccomandata\u00a0nella quale vengono diffidate la diffusione di musica nello stabile, la mescita di bevande, lo svolgimento di feste a pagamento (?) e l&#8217;uso dei locali oltre la mezzanotte; pena la revoca dell&#8217;autorizzazione d&#8217;uso dello stabile. Ripubblichiamo qui la parte finale della missiva.<\/p>\n<figure id=\"attachment_5331\" aria-describedby=\"caption-attachment-5331\" style=\"width: 300px\" class=\"wp-caption alignright\"><a href=\"https:\/\/www.sinistra.ch\/wp-content\/uploads\/2016\/08\/raccomandata_rada.png\"><img loading=\"lazy\" decoding=\"async\" class=\"size-medium wp-image-5331\" src=\"https:\/\/www.sinistra.ch\/wp-content\/uploads\/2016\/08\/raccomandata_rada-300x274.png\" alt=\"La parte finale della missiva inviata dal Municipio di Locarno all'associazione culturale la rada.\" width=\"300\" height=\"274\" srcset=\"https:\/\/www.sinistra.ch\/wp-content\/uploads\/2016\/08\/raccomandata_rada-300x274.png 300w, https:\/\/www.sinistra.ch\/wp-content\/uploads\/2016\/08\/raccomandata_rada-768x701.png 768w, https:\/\/www.sinistra.ch\/wp-content\/uploads\/2016\/08\/raccomandata_rada-1024x935.png 1024w, https:\/\/www.sinistra.ch\/wp-content\/uploads\/2016\/08\/raccomandata_rada-480x438.png 480w, https:\/\/www.sinistra.ch\/wp-content\/uploads\/2016\/08\/raccomandata_rada-548x500.png 548w, https:\/\/www.sinistra.ch\/wp-content\/uploads\/2016\/08\/raccomandata_rada.png 1276w\" sizes=\"auto, (max-width: 300px) 100vw, 300px\" \/><\/a><figcaption id=\"caption-attachment-5331\" class=\"wp-caption-text\">La parte finale della missiva inviata dal Municipio di Locarno all&#8217;associazione\u00a0<em>la rada<\/em>.<\/figcaption><\/figure>\n<p style=\"text-align: justify;\">Se non si \u00e8 iscritti sulle liste d&#8217;invitati ai vari eventi esclusivi,\u00a0<em>NoWay<\/em>. Forse \u00e8 questo il nuovo\u00a0<em>concept<\/em>\u00a0avanguardistico portato\u00a0avanti di pari passo dalla direzione del Pardo e dalla Citt\u00e0 di Locarno. Quello che non torna \u00e8 che questa manifestazione ha fatto del suo carattere\u00a0popolare uno dei suoi cavalli di battaglia da anni a questa parte. Infine &#8211;\u00a0parlando con vari visitatori abituali &#8211; tutti notano una diminuzione di spettatori e di persone in generale fra le vie di Locarno.<\/p>\n<p style=\"text-align: justify;\">In seguito alla situazione\u00a0venutasi a creare a Locarno &#8211;\u00a0non solamente in periodo festivaliero &#8211;\u00a0relativamente agli\u00a0spazi aggregativi e alla mancanza di tolleranza da parte delle autorit\u00e0 cittadine, quasi un centinaio di giovani locarnesi ha deciso di\u00a0organizzare una protesta al grido di &#8220;<em>No alla repressione: spazi di aggregazione!<\/em>&#8221; durante\u00a0la\u00a0serata di\u00a0sabato 13 agosto 2016.\u00a0L&#8217;azione si \u00e8 conclusa ponendo uno striscione recante la scritta &#8220;<em>No alla repressione &#8211; Spazi liberi per tutti<\/em>&#8221; sulle rovine di Piazza Castello, quasi a mo&#8217; di monito verso\u00a0la Rotonda antestante.<\/p>\n<figure id=\"attachment_5365\" aria-describedby=\"caption-attachment-5365\" style=\"width: 300px\" class=\"wp-caption alignleft\"><a href=\"https:\/\/www.sinistra.ch\/wp-content\/uploads\/2016\/08\/IMG_1411.jpg\"><img loading=\"lazy\" decoding=\"async\" class=\"size-medium wp-image-5365\" src=\"https:\/\/www.sinistra.ch\/wp-content\/uploads\/2016\/08\/IMG_1411-300x225.jpg\" alt=\"L'emblematico striscione posato sulle rovine di Piazza Castello.\" width=\"300\" height=\"225\" srcset=\"https:\/\/www.sinistra.ch\/wp-content\/uploads\/2016\/08\/IMG_1411-300x225.jpg 300w, https:\/\/www.sinistra.ch\/wp-content\/uploads\/2016\/08\/IMG_1411-768x576.jpg 768w, https:\/\/www.sinistra.ch\/wp-content\/uploads\/2016\/08\/IMG_1411-1024x768.jpg 1024w, https:\/\/www.sinistra.ch\/wp-content\/uploads\/2016\/08\/IMG_1411-480x360.jpg 480w, https:\/\/www.sinistra.ch\/wp-content\/uploads\/2016\/08\/IMG_1411-667x500.jpg 667w\" sizes=\"auto, (max-width: 300px) 100vw, 300px\" \/><\/a><figcaption id=\"caption-attachment-5365\" class=\"wp-caption-text\">L&#8217;emblematico striscione posato sulle rovine di Piazza Castello.<\/figcaption><\/figure>\n<p style=\"text-align: justify;\">Per ritornare\u00a0sullo stato attuale della kermesse locarnese, notasi che nel\u00a0discorso d&#8217;apertura\u00a0della 69esima edizione il Presidente Marco Solari, in seguito a una filippica sul terrorismo internazionale, dichiar\u00f2: &#8220;(&#8230;)\u00a0<em>che la Madonna del Sasso vegli su Locarno!<\/em>\u00a0(&#8230;)&#8221;. Un appello al divino definito\u00a0da qualcuno come &#8220;<em>medioevale<\/em>&#8220;. Forse Marco Solari dovrebbe preoccuparsi pi\u00f9 della tendenza in atto a Locarno, che di relazioni internazionali, sulle\u00a0quali peraltro non pare avere una visione esattamente lungimirante, vista la non entrata in materia relativa alle proposte di collaborazione culturale con la Russia nel 2014 (vedasi\u00a0<a href=\"https:\/\/www.sinistra.ch\/?p=3016\">https:\/\/www.sinistra.ch\/?p=3016<\/a>).<\/p>\n<p style=\"text-align: justify;\">Concludendo\u00a0vorrei sottolineare che questo articolo non vuole in ogni caso essere accostato alle varie critiche aprioristicamente contrarie\u00a0al Festival di cui ogni anno il Pardo \u00e8 vittima;\u00a0al contrario esso vuole essere uno spunto di necessaria riflessione per migliorare\u00a0tale evento e fortificarlo, in quanto di importanza strategica per il paese.<\/p>\n","protected":false},"excerpt":{"rendered":"<p>Agosto 2016:\u00a0la\u00a0PardoWay\u00a0\u00e8 morta. Parlando con i frequentatori abituali del Festival Internazionale del Film di Locarno, in molti non si ricordano nemmeno della sua esistenza. Per chi non sapesse di cosa si stia parlando,\u00a0PardoWay\u00a0era il nome dato al\u00a0corollario\u00a0di locali pubblici ufficialmente affiliati alla kermesse locarnese durante lo svolgimento della stessa. Tali locali garantivano, &#8220;partendo dalla colazione all\u2019alba fino alle ore piccole&#8220;, un supporto costante ai vari\u00a0parders\u00a0ma non solo. E in effetti punti di ritrovo quali la\u00a0Suite\u00a0rimanevano aperti fino alle cinque di mattina, assicurando costantemente la possibilit\u00e0 di ristorarsi, di bere un bicchiere oppure semplicemente di avere a disposizione uno spazio di<\/p>\n","protected":false},"author":17694,"featured_media":5393,"comment_status":"closed","ping_status":"open","sticky":false,"template":"","format":"video","meta":{"footnotes":""},"categories":[30,249],"tags":[],"coauthors":[],"class_list":["post-5391","post","type-post","status-publish","format-video","has-post-thumbnail","hentry","category-eventi-ricreativi-culturali-e-artistici","category-speciale-pardo-2016","post_format-post-format-video"],"_links":{"self":[{"href":"https:\/\/www.sinistra.ch\/index.php?rest_route=\/wp\/v2\/posts\/5391","targetHints":{"allow":["GET"]}}],"collection":[{"href":"https:\/\/www.sinistra.ch\/index.php?rest_route=\/wp\/v2\/posts"}],"about":[{"href":"https:\/\/www.sinistra.ch\/index.php?rest_route=\/wp\/v2\/types\/post"}],"author":[{"embeddable":true,"href":"https:\/\/www.sinistra.ch\/index.php?rest_route=\/wp\/v2\/users\/17694"}],"replies":[{"embeddable":true,"href":"https:\/\/www.sinistra.ch\/index.php?rest_route=%2Fwp%2Fv2%2Fcomments&post=5391"}],"version-history":[{"count":4,"href":"https:\/\/www.sinistra.ch\/index.php?rest_route=\/wp\/v2\/posts\/5391\/revisions"}],"predecessor-version":[{"id":5404,"href":"https:\/\/www.sinistra.ch\/index.php?rest_route=\/wp\/v2\/posts\/5391\/revisions\/5404"}],"wp:featuredmedia":[{"embeddable":true,"href":"https:\/\/www.sinistra.ch\/index.php?rest_route=\/wp\/v2\/media\/5393"}],"wp:attachment":[{"href":"https:\/\/www.sinistra.ch\/index.php?rest_route=%2Fwp%2Fv2%2Fmedia&parent=5391"}],"wp:term":[{"taxonomy":"category","embeddable":true,"href":"https:\/\/www.sinistra.ch\/index.php?rest_route=%2Fwp%2Fv2%2Fcategories&post=5391"},{"taxonomy":"post_tag","embeddable":true,"href":"https:\/\/www.sinistra.ch\/index.php?rest_route=%2Fwp%2Fv2%2Ftags&post=5391"},{"taxonomy":"author","embeddable":true,"href":"https:\/\/www.sinistra.ch\/index.php?rest_route=%2Fwp%2Fv2%2Fcoauthors&post=5391"}],"curies":[{"name":"wp","href":"https:\/\/api.w.org\/{rel}","templated":true}]}}