{"id":16626,"date":"2025-02-10T11:32:56","date_gmt":"2025-02-10T10:32:56","guid":{"rendered":"https:\/\/www.sinistra.ch\/?p=16626"},"modified":"2025-02-10T11:32:58","modified_gmt":"2025-02-10T10:32:58","slug":"peter-mertens-ptb-lunione-europea-non-e-mai-stata-una-potenza-per-la-pace","status":"publish","type":"post","link":"https:\/\/www.sinistra.ch\/?p=16626","title":{"rendered":"Peter Mertens (PTB): \u201cL&#8217;Unione Europea non \u00e8 mai stata una potenza per la pace\u201d"},"content":{"rendered":"\n<p><strong><em>Il segretario generale del Partito del Lavoro del Belgio (PTB), uno dei partiti di ispirazione marxista di maggiore successo in Europa occidentale, partecipando a un recente convegno a Cuba, ha tenuto un discorso in cui ha smascherato la vera natura dell\u2019Unione Europea, spiegando in particolare come \u201cfin dalla sua creazione, l&#8217;Unione Europea ha cercato di farsi passare per una potenza di pace, ma \u00e8 una veste che non le si addice\u201d. Ne proponiamo alcuni passaggi nella speranza che la sinistra svizzera e il movimento sindacale si emancipino dal pensiero unico europeista che gli \u00e8 stato imposto da 30 anni da chi non ha a cuore gli interessi dei lavoratori!<\/em><\/strong><\/p>\n\n\n\n<figure class=\"wp-block-image size-large\"><a href=\"https:\/\/www.sinistra.ch\/wp-content\/uploads\/2025\/02\/Mertens_Cuba.jpg\"><img loading=\"lazy\" decoding=\"async\" width=\"1024\" height=\"603\" src=\"https:\/\/www.sinistra.ch\/wp-content\/uploads\/2025\/02\/Mertens_Cuba-1024x603.jpg\" alt=\"\" class=\"wp-image-16628\" srcset=\"https:\/\/www.sinistra.ch\/wp-content\/uploads\/2025\/02\/Mertens_Cuba-1024x603.jpg 1024w, https:\/\/www.sinistra.ch\/wp-content\/uploads\/2025\/02\/Mertens_Cuba-300x177.jpg 300w, https:\/\/www.sinistra.ch\/wp-content\/uploads\/2025\/02\/Mertens_Cuba-768x452.jpg 768w, https:\/\/www.sinistra.ch\/wp-content\/uploads\/2025\/02\/Mertens_Cuba-480x283.jpg 480w, https:\/\/www.sinistra.ch\/wp-content\/uploads\/2025\/02\/Mertens_Cuba.jpg 1440w\" sizes=\"auto, (max-width: 1024px) 100vw, 1024px\" \/><\/a><figcaption class=\"wp-element-caption\">Durante un convegno cubano, il segretario generale del Partito del Lavoro del Belgio Peter Mertens lancia la sua invettiva contro l&#8217;Unione Europea.<\/figcaption><\/figure>\n\n\n\n<h3 class=\"wp-block-heading\"><strong>Una storia guerrafondaia<\/strong><\/h3>\n\n\n\n<p>Fino al XV secolo, l&#8217;Europa era poco pi\u00f9 di una provincia del mondo, non pi\u00f9 avanzata di altri continenti in termini di sviluppo. La situazione cambi\u00f2 solo quando le potenze europee iniziarono a costruire il loro impero coloniale globale, fondato sulla tratta degli schiavi e sul saccheggio di altri continenti. L&#8217;accumulazione primitiva di cui il capitale aveva bisogno in Europa per instaurare il capitalismo su scala globale avvenne attraverso un bagno di sangue nel resto del mondo.<\/p>\n\n\n\n<p>Fino alla fine del XIX secolo, gli inglesi furono la principale potenza imperialista. Altre nazioni, come Francia, Germania, Giappone, Belgio, Paesi Bassi e Portogallo, si contendevano le colonie e si scontravano regolarmente, finch\u00e9 non decisero di spartirsi l&#8217;Africa alla Conferenza di Berlino (1884-1886), trattandola come una torta da dividere tra loro.<\/p>\n\n\n\n<p>All&#8217;inizio del XX secolo, la Germania si stava affermando lentamente ma inesorabilmente come grande potenza. Tuttavia, a differenza dei suoi rivali, possedeva pochissime colonie, un grave handicap per l\u2019\u00e9lite tedesca, che le desiderava sia come mercati per i propri prodotti finiti, sia come fonti di materie prime a basso costo. La competizione per la spartizione del mondo e la corsa alle colonie costituirono la base economica della Prima Guerra Mondiale.<\/p>\n\n\n\n<h3 class=\"wp-block-heading\"><strong>Il concetto pan-europeo e il nazifascismo<\/strong><\/h3>\n\n\n\n<p>Dopo la Prima Guerra Mondiale, la richiesta di un mercato interno europeo pi\u00f9 ampio guadagn\u00f2 slancio, soprattutto in Germania. Il conte Coudenhove-Kalergi fu il primo a proporre la trasformazione della Germania in una &#8220;Grande Europa&#8221; tedesca. Nel 1923 lanci\u00f2 il suo \u201cconcetto pan-europeo\u201d, che non era un progetto di pace, ma un disegno imperialista concepito su misura per Berlino. La sua idea di Europa si estendeva da Petsamo, nel nord della Finlandia, fino al Katanga, nel sud del Congo.<\/p>\n\n\n\n<p>Coudenhove-Kalergi considerava l&#8217;Africa una risorsa per l&#8217;Europa, da sfruttare e integrare in un\u2019unica entit\u00e0, la &#8220;Paneuropa&#8221;, dando vita a un vasto impero coloniale sotto il controllo tedesco. Tuttavia, il suo progetto non si concretizz\u00f2.<\/p>\n\n\n\n<p>Il conte non riusc\u00ec a raggiungere i suoi obiettivi e, alla fine, Hitler tent\u00f2 di conquistare il continente con la violenza e la barbarie per realizzare la sua versione della \u201cNuova Europa\u201d. 60 milioni di morti dopo, il progetto fascista fall\u00ec a sua volta.<\/p>\n\n\n\n<figure class=\"wp-block-image size-full\"><a href=\"https:\/\/www.sinistra.ch\/wp-content\/uploads\/2025\/02\/Coudenhove-Kalergi.jpg\"><img loading=\"lazy\" decoding=\"async\" width=\"383\" height=\"270\" src=\"https:\/\/www.sinistra.ch\/wp-content\/uploads\/2025\/02\/Coudenhove-Kalergi.jpg\" alt=\"\" class=\"wp-image-16629\" srcset=\"https:\/\/www.sinistra.ch\/wp-content\/uploads\/2025\/02\/Coudenhove-Kalergi.jpg 383w, https:\/\/www.sinistra.ch\/wp-content\/uploads\/2025\/02\/Coudenhove-Kalergi-300x211.jpg 300w\" sizes=\"auto, (max-width: 383px) 100vw, 383px\" \/><\/a><figcaption class=\"wp-element-caption\">Il conte Richard Nikolaus di Coudenhove-Kalergi: nel 1923 pubblica il suo libro <em>Paneuropa<\/em>.<\/figcaption><\/figure>\n\n\n\n<h3 class=\"wp-block-heading\"><strong>Washington vuole una Germania forte: nasce la CECA<\/strong><\/h3>\n\n\n\n<p>Le nazioni europee, appena sfuggite al nazismo, non avevano alcuna intenzione di rinunciare immediatamente alla loro ritrovata indipendenza per una nuova avventura europea. L&#8217;impulso decisivo per l&#8217;unificazione europea, infatti, giunse da altrove: da Washington. Negli accordi di Bretton Woods, il principale evento economico del XX secolo, gli Stati Uniti stabilirono che il commercio mondiale si sarebbe dovuto tenere in dollari. Il loro obiettivo era un mercato europeo dei capitali e delle merci completamente aperto agli interessi americani. \u201cViva l&#8217;Europa!\u201d, gridarono a Washington. Con il Piano Marshall, gli Stati Uniti risolsero la loro crisi delle esportazioni e vincolarono economicamente l&#8217;Europa al capitale americano. Sempre Washington dett\u00f2 le condizioni per il reinserimento della Germania nell\u2019economia mondiale: secondo gli Stati Uniti, la Germania non doveva essere troppo debole, altrimenti sarebbe potuta cadere nelle mani dei comunisti! Doveva quindi riprendere a esportare carbone e acciaio dalla regione della Ruhr. A tale scopo, nel 1951 venne creata la Comunit\u00e0 Europea del Carbone e dell&#8217;Acciaio (CECA).<\/p>\n\n\n\n<figure class=\"wp-block-image size-large\"><a href=\"https:\/\/www.sinistra.ch\/wp-content\/uploads\/2025\/02\/Firma_dei_trattati_di_Roma_1957.jpg\"><img loading=\"lazy\" decoding=\"async\" width=\"1024\" height=\"665\" src=\"https:\/\/www.sinistra.ch\/wp-content\/uploads\/2025\/02\/Firma_dei_trattati_di_Roma_1957-1024x665.jpg\" alt=\"\" class=\"wp-image-16630\" srcset=\"https:\/\/www.sinistra.ch\/wp-content\/uploads\/2025\/02\/Firma_dei_trattati_di_Roma_1957-1024x665.jpg 1024w, https:\/\/www.sinistra.ch\/wp-content\/uploads\/2025\/02\/Firma_dei_trattati_di_Roma_1957-300x195.jpg 300w, https:\/\/www.sinistra.ch\/wp-content\/uploads\/2025\/02\/Firma_dei_trattati_di_Roma_1957-768x499.jpg 768w, https:\/\/www.sinistra.ch\/wp-content\/uploads\/2025\/02\/Firma_dei_trattati_di_Roma_1957-1536x997.jpg 1536w, https:\/\/www.sinistra.ch\/wp-content\/uploads\/2025\/02\/Firma_dei_trattati_di_Roma_1957-480x312.jpg 480w, https:\/\/www.sinistra.ch\/wp-content\/uploads\/2025\/02\/Firma_dei_trattati_di_Roma_1957.jpg 1599w\" sizes=\"auto, (max-width: 1024px) 100vw, 1024px\" \/><\/a><figcaption class=\"wp-element-caption\">25 marzo 1957: a Roma \u00e8 firmato il trattato che costituisce la Comunit\u00e0 Economica Europea.<\/figcaption><\/figure>\n\n\n\n<h3 class=\"wp-block-heading\"><strong>L\u2019integrazione europea non serviva a prevenire la guerra, era un progetto del Pentagono<\/strong><\/h3>\n\n\n\n<p>L&#8217;integrazione degli Stati europei non aveva lo scopo di prevenire la guerra. Al contrario, fu un progetto nato sotto l&#8217;egida del Pentagono, come parte di una strategia militare contro l&#8217;Unione Sovietica. Gli americani volevano rendere nuovamente operativo l&#8217;esercito tedesco, ma con equipaggiamenti statunitensi e nel quadro della NATO. In definitiva, il loro obiettivo era quello di riconquistare la zona di influenza sovietica. Per francesi, britannici, olandesi e belgi fu difficile digerire il fatto che Washington stesse nuovamente vestendo i tedeschi con l\u2019uniforme militare. Ma gli Stati europei dovettero rassegnarsi al ruolo di \u201cjunior\u201d partner degli Stati Uniti. A Bretton Woods (1944), il dollaro divenne la valuta mondiale, il colonialismo francese sub\u00ec una pesante sconfitta in Indocina (1954) e gli inglesi e i francesi furono umiliati al Canale di Suez (1956).<br>Fin dall&#8217;inizio, l&#8217;unificazione europea ebbe una matrice coloniale. Quattro dei sei membri fondatori della Comunit\u00e0 Economica Europea (CEE), tra cui Francia e Belgio, erano ancora potenze coloniali al momento della firma del Trattato di Roma nel 1957, che non conteneva alcun riferimento alla decolonizzazione. Anzi, secondo la mappa della CEE dell\u2019epoca, gran parte del suo territorio si trovava in Africa.<\/p>\n\n\n\n<figure class=\"wp-block-image size-large\"><a href=\"https:\/\/www.sinistra.ch\/wp-content\/uploads\/2025\/02\/mertens_diazcanel.webp\"><img loading=\"lazy\" decoding=\"async\" width=\"1024\" height=\"1024\" src=\"https:\/\/www.sinistra.ch\/wp-content\/uploads\/2025\/02\/mertens_diazcanel-1024x1024.webp\" alt=\"\" class=\"wp-image-16631\" srcset=\"https:\/\/www.sinistra.ch\/wp-content\/uploads\/2025\/02\/mertens_diazcanel-1024x1024.webp 1024w, https:\/\/www.sinistra.ch\/wp-content\/uploads\/2025\/02\/mertens_diazcanel-300x300.webp 300w, https:\/\/www.sinistra.ch\/wp-content\/uploads\/2025\/02\/mertens_diazcanel-150x150.webp 150w, https:\/\/www.sinistra.ch\/wp-content\/uploads\/2025\/02\/mertens_diazcanel-768x768.webp 768w, https:\/\/www.sinistra.ch\/wp-content\/uploads\/2025\/02\/mertens_diazcanel-480x480.webp 480w, https:\/\/www.sinistra.ch\/wp-content\/uploads\/2025\/02\/mertens_diazcanel.webp 1440w\" sizes=\"auto, (max-width: 1024px) 100vw, 1024px\" \/><\/a><figcaption class=\"wp-element-caption\">Peter Mertens incontra il presidente cubano Miguel Diaz-Canel.<\/figcaption><\/figure>\n\n\n\n<h3 class=\"wp-block-heading\"><strong>Le ambizioni neo-coloniali sono l\u2019essenza dell\u2019UE<\/strong><\/h3>\n\n\n\n<p>Il presidente ghanese Kwame Nkrumah aveva giustamente dichiarato: \u201cIl neocolonialismo francese si sta fondendo con il neocolonialismo collettivo del Mercato Comune Europeo\u201d. Le ambizioni coloniali o neocoloniali delle potenze europee vengono ora presentate come \u201cmissioni di civilt\u00e0\u201d, \u201cmissioni civili\u201d o \u201cmissioni geopolitiche\u201d, ma in realt\u00e0 la sostanza non \u00e8 mai cambiata: si tratta sempre di ex Stati imperialisti alla ricerca di un nuovo modo per conservare la loro antica gloria. Dal 1957 a oggi, l&#8217;\u201cEuropa della pace\u201d ha continuato a fare la guerra: dal Congo di Lumumba al genocidio in Ruanda, dalla Libia ai numerosi interventi nell&#8217;Africa subsahariana, dall&#8217;Iraq e dall&#8217;Afghanistan all&#8217;ex Jugoslavia. No, l&#8217;Unione Europea non \u00e8 mai stata una forza di pace.<\/p>\n","protected":false},"excerpt":{"rendered":"<p>Il segretario generale del Partito del Lavoro del Belgio (PTB), uno dei partiti di ispirazione marxista di maggiore successo in Europa occidentale, partecipando a un recente convegno a Cuba, ha tenuto un discorso in cui ha smascherato la vera natura dell\u2019Unione Europea, spiegando in particolare come \u201cfin dalla sua creazione, l&#8217;Unione Europea ha cercato di farsi passare per una potenza di pace, ma \u00e8 una veste che non le si addice\u201d. Ne proponiamo alcuni passaggi nella speranza che la sinistra svizzera e il movimento sindacale si emancipino dal pensiero unico europeista che gli \u00e8 stato imposto da 30 anni da<\/p>\n","protected":false},"author":2,"featured_media":16627,"comment_status":"closed","ping_status":"open","sticky":false,"template":"","format":"standard","meta":{"footnotes":""},"categories":[20],"tags":[],"coauthors":[259],"class_list":["post-16626","post","type-post","status-publish","format-standard","has-post-thumbnail","hentry","category-europa"],"_links":{"self":[{"href":"https:\/\/www.sinistra.ch\/index.php?rest_route=\/wp\/v2\/posts\/16626","targetHints":{"allow":["GET"]}}],"collection":[{"href":"https:\/\/www.sinistra.ch\/index.php?rest_route=\/wp\/v2\/posts"}],"about":[{"href":"https:\/\/www.sinistra.ch\/index.php?rest_route=\/wp\/v2\/types\/post"}],"author":[{"embeddable":true,"href":"https:\/\/www.sinistra.ch\/index.php?rest_route=\/wp\/v2\/users\/2"}],"replies":[{"embeddable":true,"href":"https:\/\/www.sinistra.ch\/index.php?rest_route=%2Fwp%2Fv2%2Fcomments&post=16626"}],"version-history":[{"count":1,"href":"https:\/\/www.sinistra.ch\/index.php?rest_route=\/wp\/v2\/posts\/16626\/revisions"}],"predecessor-version":[{"id":16632,"href":"https:\/\/www.sinistra.ch\/index.php?rest_route=\/wp\/v2\/posts\/16626\/revisions\/16632"}],"wp:featuredmedia":[{"embeddable":true,"href":"https:\/\/www.sinistra.ch\/index.php?rest_route=\/wp\/v2\/media\/16627"}],"wp:attachment":[{"href":"https:\/\/www.sinistra.ch\/index.php?rest_route=%2Fwp%2Fv2%2Fmedia&parent=16626"}],"wp:term":[{"taxonomy":"category","embeddable":true,"href":"https:\/\/www.sinistra.ch\/index.php?rest_route=%2Fwp%2Fv2%2Fcategories&post=16626"},{"taxonomy":"post_tag","embeddable":true,"href":"https:\/\/www.sinistra.ch\/index.php?rest_route=%2Fwp%2Fv2%2Ftags&post=16626"},{"taxonomy":"author","embeddable":true,"href":"https:\/\/www.sinistra.ch\/index.php?rest_route=%2Fwp%2Fv2%2Fcoauthors&post=16626"}],"curies":[{"name":"wp","href":"https:\/\/api.w.org\/{rel}","templated":true}]}}