{"id":15836,"date":"2024-05-19T18:03:24","date_gmt":"2024-05-19T18:03:24","guid":{"rendered":"https:\/\/www.sinistra.ch\/?p=15836"},"modified":"2024-05-23T00:32:28","modified_gmt":"2024-05-23T00:32:28","slug":"ammanettare-gli-studenti-e-inammissibile-a-ginevra-i-sindacati-convocano-in-assemblea-professori-e-ricercatori","status":"publish","type":"post","link":"https:\/\/www.sinistra.ch\/?p=15836","title":{"rendered":"\u201cAmmanettare gli studenti \u00e8 inammissibile\u201d: a Ginevra i sindacati convocano in assemblea professori e ricercatori"},"content":{"rendered":"\n<p>Si svolger\u00e0 fra pochi giorni una particolare assemblea inter-sindacale di tutto il personale dell\u2019Universit\u00e0 di Ginevra. L\u2019ateneo, protagonista anch\u2019esso del movimento studentesco solidale verso la Palestina, non \u00e8 pi\u00f9 lo stesso da quando le scene della repressione poliziesca hanno iniziato a circolare. Qualcosa si \u00e8 rotto nell\u2019equilibrio politico interno all\u2019Universit\u00e0. In molti si chiedono se in Svizzera esista ancora la libert\u00e0 accademica e il pluralismo. Il Sindacato Interprofessionale dei Lavoratori (SIT) \u2013 combattiva sigla sindacale presente solo a Ginevra \u2013 e il Sindacato Svizzero dei Servizi Pubblici (VPOD) hanno infatti convocato i loro affiliati che lavorano a diverso titolo nel campus ginevrino a un\u2019assemblea generale dal titolo significativo: \u201cDopo l\u2019occupazione, ritorno alla normalit\u00e0?\u201d. Ed \u00e8 quel punto interrogativo finale a fare tutta la differenza&#8230;<\/p>\n\n\n\n<figure class=\"wp-block-image size-large\"><a href=\"https:\/\/www.sinistra.ch\/wp-content\/uploads\/2024\/05\/ginevra_palestina.jpg\"><img loading=\"lazy\" decoding=\"async\" width=\"1024\" height=\"1024\" src=\"https:\/\/www.sinistra.ch\/wp-content\/uploads\/2024\/05\/ginevra_palestina-1024x1024.jpg\" alt=\"\" class=\"wp-image-15841\" srcset=\"https:\/\/www.sinistra.ch\/wp-content\/uploads\/2024\/05\/ginevra_palestina-1024x1024.jpg 1024w, https:\/\/www.sinistra.ch\/wp-content\/uploads\/2024\/05\/ginevra_palestina-300x300.jpg 300w, https:\/\/www.sinistra.ch\/wp-content\/uploads\/2024\/05\/ginevra_palestina-150x150.jpg 150w, https:\/\/www.sinistra.ch\/wp-content\/uploads\/2024\/05\/ginevra_palestina-768x768.jpg 768w, https:\/\/www.sinistra.ch\/wp-content\/uploads\/2024\/05\/ginevra_palestina-25x25.jpg 25w, https:\/\/www.sinistra.ch\/wp-content\/uploads\/2024\/05\/ginevra_palestina-480x480.jpg 480w, https:\/\/www.sinistra.ch\/wp-content\/uploads\/2024\/05\/ginevra_palestina.jpg 1440w\" sizes=\"auto, (max-width: 1024px) 100vw, 1024px\" \/><\/a><figcaption class=\"wp-element-caption\">A Ginevra la mobilitazione in solidariet\u00e0 con la Palestina \u00e8 molto estesa.<\/figcaption><\/figure>\n\n\n\n<h3 class=\"wp-block-heading\"><strong>La Polizia stia fuori dai locali universitari!<\/strong><\/h3>\n\n\n\n<p>Intorno alle 5:00 del mattino di marted\u00ec scorso, infatti, la Polizia \u00e8 entrata nell\u2019edificio \u201cUniMail\u201d per evacuare gli studenti che da una settimana occupavano pacificamente uno spazio per protestare contro l&#8217;inazione dell&#8217;Universit\u00e0 di Ginevra di fronte ai massacri in Palestina. Per SIT e VPOD si tratta di uno sgombero che \u201c\u00e8 senza precedenti e lascer\u00e0 per sempre un segno nella nostra Alma Mater: mai prima d&#8217;ora a Ginevra la Polizia era intervenuta arrestando gli studenti nei locali dell&#8217;universit\u00e0\u201d, intervendo per di pi\u00f9 contro un movimento studentesco che esprimeva un\u2019opinione e che non compiva evidentemente nulla di criminoso. Ci\u00f2 solleva molti interrogativi sul ruolo dell&#8217;Universit\u00e0, continuano i sindacati: &#8220;gli eventi della scorsa settimana hanno un impatto diretto sulle nostre condizioni di lavoro come dipendenti dell&#8217;Universit\u00e0. [\u2026] Ci chiediamo: che ruolo abbiamo come insegnanti? Qual \u00e8 la nostra posizione e quali sono le nostre responsabilit\u00e0 come ricercatori? Cosa significa un&#8217;universit\u00e0 che lavora per i diritti umani al di l\u00e0 degli opuscoli satinati distribuiti nei corridoi? Crediamo che sia urgente aprire uno spazio di discussione su quanto \u00e8 accaduto e raccogliere le domande sollevate dai nostri studenti\u201d.<\/p>\n\n\n<div class=\"wp-block-image\">\n<figure class=\"alignright size-full\"><a href=\"https:\/\/www.sinistra.ch\/wp-content\/uploads\/2024\/05\/vpod.jpg\"><img loading=\"lazy\" decoding=\"async\" width=\"600\" height=\"337\" src=\"https:\/\/www.sinistra.ch\/wp-content\/uploads\/2024\/05\/vpod.jpg\" alt=\"\" class=\"wp-image-15840\" srcset=\"https:\/\/www.sinistra.ch\/wp-content\/uploads\/2024\/05\/vpod.jpg 600w, https:\/\/www.sinistra.ch\/wp-content\/uploads\/2024\/05\/vpod-300x169.jpg 300w, https:\/\/www.sinistra.ch\/wp-content\/uploads\/2024\/05\/vpod-480x270.jpg 480w\" sizes=\"auto, (max-width: 600px) 100vw, 600px\" \/><\/a><figcaption class=\"wp-element-caption\">Anche il sindacato VPOD si mobilita contro la repressione poliziesca del movimento studentesco.<\/figcaption><\/figure><\/div>\n\n\n<h3 class=\"wp-block-heading\"><strong>Ma all\u2019universit\u00e0 \u00e8 ancora possibile esprimersi liberamente?<\/strong><\/h3>\n\n\n\n<p>L\u2019appuntamento \u00e8 quindi all\u2019UniMail a mezzogiorno di mercoledi 22 maggio e all\u2019ordine del giorno vi sono quattro punti prioritari esposti su un volantino distribuito al persone accademico: \u201cl&#8217;uso di misure repressive contro i nostri studenti\u201d \u00e8 il primo della lista. Segue una seconda questione di fondo: \u201cL&#8217;universit\u00e0 come luogo in cui l&#8217;impegno e la protesta sono ancora possibili\u201d. Le altre trattande riguardano invece \u201cl&#8217;opportunit\u00e0 di mantenere legami con le universit\u00e0 israeliane\u201d e l\u2019accoglienza di accademici e studenti palestinesi perseguitati dal regime sionista di Tel Aviv.<\/p>\n\n\n\n<h3 class=\"wp-block-heading\"><strong>Anche gli operai sono solidali con gli universitari<\/strong><\/h3>\n\n\n\n<p>Gi\u00e0 nei giorni scorsi la CGAS, l\u2019alleanza di tutti i sindacati operai che operano sul territorio del Canton Ginevra aveva reagito \u201ccon profonda preoccupazione allo sgombero particolarmente brutale da parte della polizia, avvenuto la notte del 14 maggio, della sala Uni Mail occupata pacificamente da studenti in solidariet\u00e0 con il popolo di Gaza. Nonostante l&#8217;occupazione non impedisse in alcun modo lo svolgimento delle lezioni e si svolgesse in modo trasparente e particolarmente pacifico, la polizia ha effettuato uno sgombero degno di un film poliziesco, ammanettando studenti pacifici come fossero criminali\u201d. Sebbene la CGAS si dica \u201csollevata\u201d dal fatto che la rettrice abbia ritirato le denunce contro gli studenti, per i sindacati \u201cquesto \u00e8 il minimo che si possa fare e non riduce in alcun modo la gravit\u00e0 della repressione\u201d.<\/p>\n\n\n<div class=\"wp-block-image\">\n<figure class=\"alignleft size-large is-resized\"><a href=\"https:\/\/www.sinistra.ch\/wp-content\/uploads\/2024\/05\/441510102_858443236301731_6279751877735753596_n.jpg\"><img loading=\"lazy\" decoding=\"async\" width=\"725\" height=\"1024\" src=\"https:\/\/www.sinistra.ch\/wp-content\/uploads\/2024\/05\/441510102_858443236301731_6279751877735753596_n-725x1024.jpg\" alt=\"\" class=\"wp-image-15839\" style=\"width:359px;height:auto\" srcset=\"https:\/\/www.sinistra.ch\/wp-content\/uploads\/2024\/05\/441510102_858443236301731_6279751877735753596_n-725x1024.jpg 725w, https:\/\/www.sinistra.ch\/wp-content\/uploads\/2024\/05\/441510102_858443236301731_6279751877735753596_n-212x300.jpg 212w, https:\/\/www.sinistra.ch\/wp-content\/uploads\/2024\/05\/441510102_858443236301731_6279751877735753596_n-768x1085.jpg 768w, https:\/\/www.sinistra.ch\/wp-content\/uploads\/2024\/05\/441510102_858443236301731_6279751877735753596_n-480x678.jpg 480w, https:\/\/www.sinistra.ch\/wp-content\/uploads\/2024\/05\/441510102_858443236301731_6279751877735753596_n.jpg 1026w\" sizes=\"auto, (max-width: 725px) 100vw, 725px\" \/><\/a><figcaption class=\"wp-element-caption\">Il comunicato della CGAS in sostegno agli studenti dell&#8217;universit\u00e0 di Ginevra.<\/figcaption><\/figure><\/div>\n\n\n<h3 class=\"wp-block-heading\"><strong>In democrazia un conflitto politico non si risolve con la Polizia!<\/strong><\/h3>\n\n\n\n<p>A preoccupare i sindacati \u00e8 soprattutto quella che definiscono la \u201cderiva verso la giudiziarizzazione dei conflitti sociali, di cui questo sgombero fa parte. Presentando una denuncia contro gli studenti, il Rettorato ha aperto la porta all&#8217;intervento della polizia sotto l&#8217;autorit\u00e0 della Procura. Si tratta di un metodo che alcuni datori di lavoro poco attenti ai diritti democratici non esitano a utilizzare per interrompere gli scioperi o cercare di imbavagliare sindacati e dipendenti\u201d. \u00c8 esattamente quello che anche il deputato ticinese <strong>Massimiliano Ay<\/strong>, segretario politico del Partito Comunista, aveva espresso in un suo articolo (<a href=\"https:\/\/www.sinistra.ch\/?p=15819\">leggi<\/a>) pubblicato anche dal nostro portale criticando quei rettori che con troppa facilit\u00e0 \u201csporgono denuncia per violazione di domicilio contro i loro stessi studenti dimostrando l\u2019incapacit\u00e0 di gestire un conflitto sul piano dialettico, sia politico che educativo, come dovrebbe fare un insegnante, portandolo invece subito sul piano giudiziario, cio\u00e8 criminalizzando ogni forma di dissenso\u201d.<\/p>\n","protected":false},"excerpt":{"rendered":"<p>Si svolger\u00e0 fra pochi giorni una particolare assemblea inter-sindacale di tutto il personale dell\u2019Universit\u00e0 di Ginevra. L\u2019ateneo, protagonista anch\u2019esso del movimento studentesco solidale verso la Palestina, non \u00e8 pi\u00f9 lo stesso da quando le scene della repressione poliziesca hanno iniziato a circolare. Qualcosa si \u00e8 rotto nell\u2019equilibrio politico interno all\u2019Universit\u00e0. In molti si chiedono se in Svizzera esista ancora la libert\u00e0 accademica e il pluralismo. Il Sindacato Interprofessionale dei Lavoratori (SIT) \u2013 combattiva sigla sindacale presente solo a Ginevra \u2013 e il Sindacato Svizzero dei Servizi Pubblici (VPOD) hanno infatti convocato i loro affiliati che lavorano a diverso titolo nel<\/p>\n","protected":false},"author":2,"featured_media":15837,"comment_status":"closed","ping_status":"open","sticky":true,"template":"","format":"standard","meta":{"footnotes":""},"categories":[3],"tags":[],"coauthors":[259],"class_list":["post-15836","post","type-post","status-publish","format-standard","has-post-thumbnail","hentry","category-interni"],"_links":{"self":[{"href":"https:\/\/www.sinistra.ch\/index.php?rest_route=\/wp\/v2\/posts\/15836","targetHints":{"allow":["GET"]}}],"collection":[{"href":"https:\/\/www.sinistra.ch\/index.php?rest_route=\/wp\/v2\/posts"}],"about":[{"href":"https:\/\/www.sinistra.ch\/index.php?rest_route=\/wp\/v2\/types\/post"}],"author":[{"embeddable":true,"href":"https:\/\/www.sinistra.ch\/index.php?rest_route=\/wp\/v2\/users\/2"}],"replies":[{"embeddable":true,"href":"https:\/\/www.sinistra.ch\/index.php?rest_route=%2Fwp%2Fv2%2Fcomments&post=15836"}],"version-history":[{"count":7,"href":"https:\/\/www.sinistra.ch\/index.php?rest_route=\/wp\/v2\/posts\/15836\/revisions"}],"predecessor-version":[{"id":15848,"href":"https:\/\/www.sinistra.ch\/index.php?rest_route=\/wp\/v2\/posts\/15836\/revisions\/15848"}],"wp:featuredmedia":[{"embeddable":true,"href":"https:\/\/www.sinistra.ch\/index.php?rest_route=\/wp\/v2\/media\/15837"}],"wp:attachment":[{"href":"https:\/\/www.sinistra.ch\/index.php?rest_route=%2Fwp%2Fv2%2Fmedia&parent=15836"}],"wp:term":[{"taxonomy":"category","embeddable":true,"href":"https:\/\/www.sinistra.ch\/index.php?rest_route=%2Fwp%2Fv2%2Fcategories&post=15836"},{"taxonomy":"post_tag","embeddable":true,"href":"https:\/\/www.sinistra.ch\/index.php?rest_route=%2Fwp%2Fv2%2Ftags&post=15836"},{"taxonomy":"author","embeddable":true,"href":"https:\/\/www.sinistra.ch\/index.php?rest_route=%2Fwp%2Fv2%2Fcoauthors&post=15836"}],"curies":[{"name":"wp","href":"https:\/\/api.w.org\/{rel}","templated":true}]}}