{"id":15795,"date":"2024-05-07T01:30:00","date_gmt":"2024-05-07T01:30:00","guid":{"rendered":"https:\/\/www.sinistra.ch\/?p=15795"},"modified":"2024-05-06T20:04:55","modified_gmt":"2024-05-06T20:04:55","slug":"clamoroso-a-bellinzona-in-sordina-e-stato-privatizzato-il-crematorio-comunale-insorge-il-partito-comunista","status":"publish","type":"post","link":"https:\/\/www.sinistra.ch\/?p=15795","title":{"rendered":"Clamoroso a Bellinzona: in sordina \u00e8 stato privatizzato il Crematorio Comunale! Insorge il Partito Comunista"},"content":{"rendered":"\n<p>A Bellinzona non ne sapeva niente nessuno. Al momento della discussione sui preventivi 2024, lo scorso dicembre, nessun consigliere comunale ha sollevato il problema, n\u00e9 il rapporto di maggioranza e nemmeno quello di minoranza. Silenzio \u2013 ed \u00e8 un po\u2019 pi\u00f9 grave \u2013 anche da parte del Municipio cittadino. A onor del vero un paragrafo, nascosto nelle 126 pagine dei conti, ne parlava, ma il tutto era ancora piuttosto fumoso: si diceva che il forno era ormai vecchio, che spendere qualche milione di franchi per rinnovarlo era molto oneroso e che la presenza sul mercato di crematori privati anche sullo stesso territorio comunale, pi\u00f9 precisamente a Carasso, rendeva l\u2019operazione antieconomica. In pratica si prospettava gi\u00e0 la sua chiusura: \u201cS\u00ec, quella era la volont\u00e0 dell\u2019esecutivo, in prospettiva, ma ovviamente non prima di presentare un apposito messaggio municipale che si potesse discutere\u201d protesta <strong>Massimiliano Ay<\/strong>, il consigliere comunale del Partito Comunista che, con <strong>Alessandro Lucchini<\/strong>,ha scoperchiato il vaso di pandora. E possiamo proprio dirlo, poich\u00e9 in Citt\u00e0, prima che il Partito Comunista lo rendesse pubblico, la notizia era passata praticamente in sordina e, da nostre informazioni, persino i sindacalisti dei lavoratori comunali non ne erano a conoscenza. A dicembre in consiglio comunale solo i comunisti e la sinistra ecologista avevano evitato di votare a favore del Preventivo 2024 della Citt\u00e0.<\/p>\n\n\n\n<p>L\u2019atto parlamentare in questione \u2013 a cui una risposta da parte del Municipio \u00e8 prevista a breve \u2013 ricorda che bench\u00e9 il Dicastero delle opere pubbliche del Comune di Bellinzona abbia fra gli altri suoi compiti, anche quello di occuparsi \u201cdei Cimiteri e crematorio-obitorio comunale\u201d, il sito <a href=\"https:\/\/crematoriobellinzonaevalli.ch\/\">https:\/\/crematoriobellinzonaevalli.ch\/<\/a> (vedi immagine) riporta che dal 1\u00b0 gennaio 2024 la ditta Crematario SA Bellinzona e Valli ha ripreso la gestione del crematorio comunale di Bellinzona che fino al 31 dicembre 2023 era gestito dai Servizi Opere Pubbliche (SOP) della Citt\u00e0. Misteriosamente, per\u00f2, non appena l\u2019interrogazione \u00e8 stata depositata, qualcuno ha fatto modificare il sito, togliendo quella frase che impegnava il SOP. Gli screenshot per\u00f2 non mentono\u2026<\/p>\n\n\n\n<figure class=\"wp-block-image size-large is-resized\"><a href=\"https:\/\/www.sinistra.ch\/wp-content\/uploads\/2024\/05\/siti_crematorio_modifiche.png\"><img loading=\"lazy\" decoding=\"async\" width=\"1024\" height=\"650\" src=\"https:\/\/www.sinistra.ch\/wp-content\/uploads\/2024\/05\/siti_crematorio_modifiche-1024x650.png\" alt=\"\" class=\"wp-image-15797\" style=\"width:840px;height:auto\" srcset=\"https:\/\/www.sinistra.ch\/wp-content\/uploads\/2024\/05\/siti_crematorio_modifiche-1024x650.png 1024w, https:\/\/www.sinistra.ch\/wp-content\/uploads\/2024\/05\/siti_crematorio_modifiche-300x190.png 300w, https:\/\/www.sinistra.ch\/wp-content\/uploads\/2024\/05\/siti_crematorio_modifiche-768x487.png 768w, https:\/\/www.sinistra.ch\/wp-content\/uploads\/2024\/05\/siti_crematorio_modifiche-1536x974.png 1536w, https:\/\/www.sinistra.ch\/wp-content\/uploads\/2024\/05\/siti_crematorio_modifiche-480x304.png 480w, https:\/\/www.sinistra.ch\/wp-content\/uploads\/2024\/05\/siti_crematorio_modifiche.png 1898w\" sizes=\"auto, (max-width: 1024px) 100vw, 1024px\" \/><\/a><figcaption class=\"wp-element-caption\">Depositata l&#8217;interrogazione, dal sito web del crematorio scompaiono informazioni importanti&#8230;<\/figcaption><\/figure>\n\n\n\n<h3 class=\"wp-block-heading\"><strong>Il Partito Comunista convince l\u2019Unit\u00e0 di Sinistra a chiedere spiegazioni<\/strong><\/h3>\n\n\n\n<p>L\u2019interrogazione che Ay e Lucchini hanno depositato \u00e8 lunga e articolata. Ma il dato politicamente significativo \u00e8 che a firmarla \u00e8 l\u2019intero gruppo della \u201cUnit\u00e0 di Sinistra\u201d: quindi anche i consiglieri comunali del Partito Socialista si sono allineati ai due legislatori comunisti. Persino <strong>Martina Malacrida-Nembrini<\/strong>, presidente della sezione e membro della Direzione cantonale del PS \u00e8 fra i co-firmatari. E questo dato non va sottovalutato visto che il capodicastero responsabile \u00e8 proprio il socialista <strong>Henrik Bang<\/strong>, che ora avr\u00e0 l\u2019occasione di rispondere formalmente, spiegando quali sono le valutazioni di mercato effettuate dall\u2019esecutivo cittadino per decidere di andare verso una privatizzazione di un servizio pubblico. La privatizzazione in effetti contraddice anche il programma del suo stesso Partito. Perch\u00e9 nemmeno il parlamento comunale \u00e8 stato informato della situazione? Questo \u00e8 ci\u00f2 che infastidisce soprattutto i consiglieri comunali che iniziano col chiedere al Municipio, capitanato dal sindaco <strong>Mario Branda,<\/strong> se sia consapevole che \u201cesternalizzare ad un\u2019azienda privata un servizio pubblico consista in una forma di privatizzazione\u201d.Nel Preventivo 2024 si parlava solo di \u2018locazione degli spazi\u2019 e di \u2018gestione ad interim\u2019,&nbsp; e allora \u2013 appunto \u2013 \u201cper quale ragione questa decisione, che appare ora come definitiva, non \u00e8 stata oggetto di dibattito pubblico e non \u00e8 passata con un apposito Messaggio municipale dal Consiglio Comunale?\u201d. Sempre nel Preventivo 2024 si parlava di una modifica del Regolamento dei Cimiteri e del Crematorio comunali, una modifica di cui per\u00f2 il legislativo comunale non ha saputo pi\u00f9 nulla. Nel frattempo, quindi, il Partito Comunista ravvisa una violazione del regolamento in vigore, poich\u00e9 l\u2019art. 6 dello stesso affida infatti al solo Municipio \u201cla gestione, sorveglianza e manutenzione di tutte le strutture funerarie\u201d.<\/p>\n\n\n\n<h3 class=\"wp-block-heading\"><strong>Un\u2019azienda nata alla chetichella?<\/strong><\/h3>\n\n\n\n<p>La Crematario SA Bellinzona e Valli, che ha ripreso la gestione del Crematorio Comunale di Bellinzona, risulta costituita da sei imprese di pompe funebri della regione. \u201cIl Comune vi partecipa? Se s\u00ec, in quale forma, con quali rappresentanti e con quale capitale? Se no, per quale motivo? Chi l\u2019ha deciso? Come viene quindi regolata la relazione fra il Comune e la SA: a quanto ammonta l\u2019affitto? \u00c8 prevista una futura vendita degli spazi comunali? Se s\u00ec, a che prezzo? Si tratta di una gestione ad interim oppure si tratta di una scelta definitiva?\u201d. La raffica di domande che i consiglieri comunali pongono di fronte a un\u2019azienda che sembra essere stata fondata in tutta fretta per assicurarsi la gestione dell\u2019ex-servizio pubblico sono effettivamente legittime e richiedono la massima trasparenza. La data di iscrizione a registro di commercio \u00e8 infatti il 22 gennaio 2024 e gli statuti recano una data di una settimana prima: la cosa ha fatto sobbalzare sulla sedia i rappresentanti del Partito Comunista nelle istituzioni cittadine, che infatti hanno chiesto: \u201c\u00c8 prassi normale che il Comune affidi la gestione di una sua propriet\u00e0 a una societ\u00e0 anonima privata non ancora iscritta, a quel momento, a registro di commercio? Quale concorso pubblico \u00e8 stato aperto per la concessione della gestione del Crematorio comunale?\u201d.<\/p>\n\n\n\n<h3 class=\"wp-block-heading\"><strong>Nessuna analisi di mercato \u00e8 finora disponibile&#8230;<\/strong><\/h3>\n\n\n\n<p>Che la gestione di un crematorio comporti costi ingenti e che la sostituzione del forno giunto a fine vita sia onerosa \u00e8 ovvio. Tuttavia \u00e8 anche vero che \u2013 come sottolineato da Massimiliano Ay e Alessandro Lucchini \u2013 \u201cla domanda in questo particolare e delicato ambito \u00e8 in crescita: di fronte all\u2019incremento del numero di cremazioni per quale motivo il Comune non ha voluto mantenere al suo interno questo settore? Quali sono le dettagliate valutazioni di mercato che suffragano questa decisione?\u201d. Paragonando il consuntivo 2022 e il preventivo 2023 emerge in effetti un servizio pubblico che funziona e produce persino utili. Certamente la nascita, nella frazione bellinzonese di Carasso, della Crematorio Ticino Sagl con un suo forno privato rappresenta una sfida in termini di concorrenza, ma \u00e8 sufficiente per giustificare la dismissione del crematorio pubblico? L\u2019Unit\u00e0 di Sinistra non ne \u00e8 convinta: \u201c\u00e8 comprovato che una struttura pubblica \u2013 nel contesto dell\u2019aumento delle cremazioni e tenuto conto del comprensorio regionale che potrebbe coprire \u2013 non possa restare sul mercato in un regime di concorrenza? Il Municipio pu\u00f2 anticipare il saldo costi e ricavi 2023 del Crematorio Comunale?\u201d. Domande a cui si attende ora una risposta dal rinnovato esecutivo della Capitale.<\/p>\n\n\n\n<figure class=\"wp-block-image size-large\"><a href=\"https:\/\/www.sinistra.ch\/wp-content\/uploads\/2024\/05\/concorrenza-privata-a-carasso-scaled.jpg\"><img loading=\"lazy\" decoding=\"async\" width=\"1024\" height=\"683\" src=\"https:\/\/www.sinistra.ch\/wp-content\/uploads\/2024\/05\/concorrenza-privata-a-carasso-1024x683.jpg\" alt=\"\" class=\"wp-image-15799\" srcset=\"https:\/\/www.sinistra.ch\/wp-content\/uploads\/2024\/05\/concorrenza-privata-a-carasso-1024x683.jpg 1024w, https:\/\/www.sinistra.ch\/wp-content\/uploads\/2024\/05\/concorrenza-privata-a-carasso-300x200.jpg 300w, https:\/\/www.sinistra.ch\/wp-content\/uploads\/2024\/05\/concorrenza-privata-a-carasso-768x512.jpg 768w, https:\/\/www.sinistra.ch\/wp-content\/uploads\/2024\/05\/concorrenza-privata-a-carasso-1536x1024.jpg 1536w, https:\/\/www.sinistra.ch\/wp-content\/uploads\/2024\/05\/concorrenza-privata-a-carasso-2048x1365.jpg 2048w, https:\/\/www.sinistra.ch\/wp-content\/uploads\/2024\/05\/concorrenza-privata-a-carasso-720x480.jpg 720w, https:\/\/www.sinistra.ch\/wp-content\/uploads\/2024\/05\/concorrenza-privata-a-carasso-480x320.jpg 480w\" sizes=\"auto, (max-width: 1024px) 100vw, 1024px\" \/><\/a><figcaption class=\"wp-element-caption\">Il nuovo crematorio di Carasso, in concorrenza con quello comunale.<\/figcaption><\/figure>\n\n\n\n<h3 class=\"wp-block-heading\"><strong>Chi ha concesso la licenza edilizia per il crematorio privato?<\/strong><\/h3>\n\n\n\n<p>C\u2019\u00e8 in realt\u00e0 ancora una domanda da porsi, che Ay e Lucchini hanno effettivamente solo abbozzato nel loro atto consiliare: \u201cQuale \u00e8 stato l\u2019iter di concessione della licenza edilizia per un nuovo forno crematorio a Carasso?\u201d. Il dato rilevante \u00e8 questo: come mai alla Casa Funeraria di Carasso \u00e8 stato recentemente concesso di costruire un nuovo forno crematorio, entrando in aperto conflitto con quello pubblico? Il presidente del Patriziato di Carasso, proprietario del fondo, risulta infatti <strong>Mauro Minotti<\/strong>, che \u00e8 nel contempo Municipale leghista di Bellinzona. Proprio contro il Municipio di Bellinzona il Patriziato si \u00e8 posto in concorrenza arrivando a determinare lo smantellamento di un servizio pubblico.<\/p>\n","protected":false},"excerpt":{"rendered":"<p>A Bellinzona non ne sapeva niente nessuno. Al momento della discussione sui preventivi 2024, lo scorso dicembre, nessun consigliere comunale ha sollevato il problema, n\u00e9 il rapporto di maggioranza e nemmeno quello di minoranza. Silenzio \u2013 ed \u00e8 un po\u2019 pi\u00f9 grave \u2013 anche da parte del Municipio cittadino. A onor del vero un paragrafo, nascosto nelle 126 pagine dei conti, ne parlava, ma il tutto era ancora piuttosto fumoso: si diceva che il forno era ormai vecchio, che spendere qualche milione di franchi per rinnovarlo era molto oneroso e che la presenza sul mercato di crematori privati anche sullo<\/p>\n","protected":false},"author":2,"featured_media":15796,"comment_status":"closed","ping_status":"open","sticky":true,"template":"","format":"standard","meta":{"footnotes":""},"categories":[3],"tags":[],"coauthors":[259],"class_list":["post-15795","post","type-post","status-publish","format-standard","has-post-thumbnail","hentry","category-interni"],"_links":{"self":[{"href":"https:\/\/www.sinistra.ch\/index.php?rest_route=\/wp\/v2\/posts\/15795","targetHints":{"allow":["GET"]}}],"collection":[{"href":"https:\/\/www.sinistra.ch\/index.php?rest_route=\/wp\/v2\/posts"}],"about":[{"href":"https:\/\/www.sinistra.ch\/index.php?rest_route=\/wp\/v2\/types\/post"}],"author":[{"embeddable":true,"href":"https:\/\/www.sinistra.ch\/index.php?rest_route=\/wp\/v2\/users\/2"}],"replies":[{"embeddable":true,"href":"https:\/\/www.sinistra.ch\/index.php?rest_route=%2Fwp%2Fv2%2Fcomments&post=15795"}],"version-history":[{"count":2,"href":"https:\/\/www.sinistra.ch\/index.php?rest_route=\/wp\/v2\/posts\/15795\/revisions"}],"predecessor-version":[{"id":15801,"href":"https:\/\/www.sinistra.ch\/index.php?rest_route=\/wp\/v2\/posts\/15795\/revisions\/15801"}],"wp:featuredmedia":[{"embeddable":true,"href":"https:\/\/www.sinistra.ch\/index.php?rest_route=\/wp\/v2\/media\/15796"}],"wp:attachment":[{"href":"https:\/\/www.sinistra.ch\/index.php?rest_route=%2Fwp%2Fv2%2Fmedia&parent=15795"}],"wp:term":[{"taxonomy":"category","embeddable":true,"href":"https:\/\/www.sinistra.ch\/index.php?rest_route=%2Fwp%2Fv2%2Fcategories&post=15795"},{"taxonomy":"post_tag","embeddable":true,"href":"https:\/\/www.sinistra.ch\/index.php?rest_route=%2Fwp%2Fv2%2Ftags&post=15795"},{"taxonomy":"author","embeddable":true,"href":"https:\/\/www.sinistra.ch\/index.php?rest_route=%2Fwp%2Fv2%2Fcoauthors&post=15795"}],"curies":[{"name":"wp","href":"https:\/\/api.w.org\/{rel}","templated":true}]}}