{"id":15512,"date":"2024-01-23T01:12:00","date_gmt":"2024-01-23T01:12:00","guid":{"rendered":"https:\/\/www.sinistra.ch\/?p=15512"},"modified":"2024-01-14T19:17:24","modified_gmt":"2024-01-14T19:17:24","slug":"il-governo-tedesco-sempre-piu-autoritario-impedisce-gli-scambi-fra-i-partiti-comunisti-negata-lentrata-a-un-deputato-indiano","status":"publish","type":"post","link":"https:\/\/www.sinistra.ch\/?p=15512","title":{"rendered":"Il governo tedesco sempre pi\u00f9 autoritario impedisce gli scambi fra i partiti comunisti. Negata l\u2019entrata a un deputato indiano!"},"content":{"rendered":"\n<p>Il Partito Comunista Tedesco (DKP) ha invitato due esponenti di spicco del Partito Comunista dell&#8217;India (CPI) e del Partito Comunista dell&#8217;India-Marxista (CPI-M) all&#8217;evento di inizio anno del 13 gennaio che anticipa la manifestazione per commemorare l\u2019assassinio di Rosa Luxemburg e Karl Liebknecht a Berlino. Si tratta di uno degli eventi di massa pi\u00f9 importanti del paese, che da anni riunisce comunisti, socialisti e antifascisti di ogni tendenza e di molti paesi. Quest\u2019anno il DKP ha pensato di invitare due delegati appunto indiani, ma le autorit\u00e0 tedesche non hanno gradito.<\/p>\n\n\n\n<h3 class=\"wp-block-heading\"><strong>L\u2019India \u00e8 un paese emergente i cui comunisti non sono graditi in Germania<\/strong><\/h3>\n\n\n\n<p>Secondo il DKP l\u2019India \u201csoffre per le continue politiche neocoloniali\u201d da parte occidentale e, d&#8217;altra parte, si tratta di \u201cun Paese con diverse esperienze di lotta di liberazione e un forte movimento comunista. Come membro fondatore dei BRICS, l&#8217;India \u00e8 di grande importanza per lo sviluppo geopolitico, mentre il suo governo nazionalista di destra si subordina ripetutamente ai piani dell&#8217;imperialismo statunitense\u201d. Il governo tedesco \u00e8 per\u00f2 intervenuto rifiutando ai <em>compagni <\/em>indiani l&#8217;ingresso in Germania. A <strong>Nilotpal Basu<\/strong>, membro dell\u2019Ufficio politico del Comitato Centrale del CPI-M, \u00e8 stato negato il visto con la motivazione che non avrebbe fornito la prova dei mezzi finanziari per il suo ritorno. In pratica a Berlino temevano che restasse in Germania come clandestino. Un\u2019assurdit\u00e0 per un dirigente politico noto come lui: \u201cquesto \u00e8 falso ed \u00e8 ovviamente un pretesto: una lettera di protesta del DKP al Ministero degli Esteri \u00e8 rimasta a tutt&#8217;oggi senza risposta\u201d spiegano i comunisti tedeschi indignati. Da notare come pure il governo tedesco rifiuti di rispondere a un partito politico legalmente esistente e attivo da un secolo nel suo Paese. E con l\u2019arrivo dei Verdi e della Socialdemocrazia al governo questo sentimento anti-comunista \u00e8 forse addirittura aumentato. L\u2019altro invitato indiano era nientemeno che <strong>Sandosh Kumar Puthiyaveettil<\/strong>, membro di vertice del CPI, il quale non aveva nemmeno bisogno di un visto in quanto membro del Parlamento indiano. Egli necessitava per\u00f2 di un&#8217;autorizzazione politica da parte del governo di Nuova Dehli. Questa non gli \u00e8 stato per\u00f2 concesso: il Ministero degli Affari Esteri indiano ha motivato il rifiuto con il fatto che il governo tedesco gli avrebbe raccomandato di non concedere il nulla osta. Insomma ingerenze tedesche tipicamente imperialiste e subalternit\u00e0 della destra indiana abituata a obbedire all\u2019Occidente.<\/p>\n\n\n\n<figure class=\"wp-block-image size-large\"><a href=\"https:\/\/www.sinistra.ch\/wp-content\/uploads\/2024\/01\/Gedenken_an_Rosa_Luxemburg_und_Karl_Liebknecht_-_51808638022.jpeg\"><img loading=\"lazy\" decoding=\"async\" width=\"1024\" height=\"683\" src=\"https:\/\/www.sinistra.ch\/wp-content\/uploads\/2024\/01\/Gedenken_an_Rosa_Luxemburg_und_Karl_Liebknecht_-_51808638022-1024x683.jpeg\" alt=\"\" class=\"wp-image-15515\" srcset=\"https:\/\/www.sinistra.ch\/wp-content\/uploads\/2024\/01\/Gedenken_an_Rosa_Luxemburg_und_Karl_Liebknecht_-_51808638022-1024x683.jpeg 1024w, https:\/\/www.sinistra.ch\/wp-content\/uploads\/2024\/01\/Gedenken_an_Rosa_Luxemburg_und_Karl_Liebknecht_-_51808638022-300x200.jpeg 300w, https:\/\/www.sinistra.ch\/wp-content\/uploads\/2024\/01\/Gedenken_an_Rosa_Luxemburg_und_Karl_Liebknecht_-_51808638022-768x512.jpeg 768w, https:\/\/www.sinistra.ch\/wp-content\/uploads\/2024\/01\/Gedenken_an_Rosa_Luxemburg_und_Karl_Liebknecht_-_51808638022-1536x1024.jpeg 1536w, https:\/\/www.sinistra.ch\/wp-content\/uploads\/2024\/01\/Gedenken_an_Rosa_Luxemburg_und_Karl_Liebknecht_-_51808638022-2048x1366.jpeg 2048w, https:\/\/www.sinistra.ch\/wp-content\/uploads\/2024\/01\/Gedenken_an_Rosa_Luxemburg_und_Karl_Liebknecht_-_51808638022-720x480.jpeg 720w, https:\/\/www.sinistra.ch\/wp-content\/uploads\/2024\/01\/Gedenken_an_Rosa_Luxemburg_und_Karl_Liebknecht_-_51808638022-480x320.jpeg 480w\" sizes=\"auto, (max-width: 1024px) 100vw, 1024px\" \/><\/a><figcaption class=\"wp-element-caption\">Come ogni anno, il DKP tedesco partecipa alla commemorazione di Rosa Luxembourg e Karl Libeknecht.<\/figcaption><\/figure>\n\n\n\n<h3 class=\"wp-block-heading\"><strong>Ma pensano davvero di fermare cos\u00ec la cooperazione internazionale?<\/strong><\/h3>\n\n\n\n<p>Il DKP, rappresentato dalla sua responsabile esteri <strong>Renate Koppe<\/strong>, ha protestato pubblicamente contro questa forma di ostruzionismo da parte di un governo che pretende insegnare la democrazia in altri paesi. Il Partito&nbsp; Comunista Tedesco in una nota inviata a tutti i partiti operai del mondo afferma di difendere \u201ci diritti democratici contro il carattere sempre pi\u00f9 repressivo dell&#8217;imperialismo tedesco. Anche in questo caso appare evidente la riorganizzazione reazionario-militarista dello Stato per paura della progressiva perdita di egemonia dell&#8217;imperialismo\u201d. Il punto non \u00e8 infatti un \u201cbanale\u201d anti-comunismo, ma la consapevolezza dei governanti di Berlino che il duo UE-USA \u00e8 in crisi irreversibile e non bisogna promuovere fra i cittadini tedeschi la conoscenza dei paesi che avranno la meglio nella contesta geoeconomica in atto. La solidariet\u00e0 e la cooperazione internazionale tra comunisti indiani e tedeschi \u2013 ne possiamo star certi \u2013 continuer\u00e0 e si rafforzer\u00e0.<\/p>\n\n\n\n<h3 class=\"wp-block-heading\"><strong>E in Svizzera?<\/strong><\/h3>\n\n\n\n<p>Situazioni simili sono capitate anche in Svizzera. Nel 2013 \u2013 ricorda il deputato ticinese <strong>Massimiliano Ay<\/strong> \u2013 doveva assistere ai lavori del nostro 22\u00b0 Congresso a Bellinzona un dirigente del Partito Comunista Unificato della Georgia: le autorit\u00e0 diplomatiche svizzere a Tblisi dirette allora dall\u2019ambasciatore <strong>Guenther Baechler<\/strong> \u201channo negato l\u2019entrata nel paese nonostante come PC avessimo assunto la responsabilit\u00e0 per il rientro in patria del delegato\u201d. Il motivo ufficiale era che le informazioni fornite dagli stessi comunisti svizzeri non erano affidabili e che il comunista georgiano potesse non rimpatriare. \u201cOvviamente sono fandonie: avevamo pure avuto un colloquio telefonico con le autorit\u00e0 consolari svizzere a Tblisi per chiarire la situazione ma evidentemente non ci hanno nemmeno ascoltati\u201d ricorda Ay che aggiunge: \u201csi tratta di misure che non vengono adottate per i delegati dei partiti di altro orientamento ideologico!\u201d.<\/p>\n","protected":false},"excerpt":{"rendered":"<p>Il Partito Comunista Tedesco (DKP) ha invitato due esponenti di spicco del Partito Comunista dell&#8217;India (CPI) e del Partito Comunista dell&#8217;India-Marxista (CPI-M) all&#8217;evento di inizio anno del 13 gennaio che anticipa la manifestazione per commemorare l\u2019assassinio di Rosa Luxemburg e Karl Liebknecht a Berlino. Si tratta di uno degli eventi di massa pi\u00f9 importanti del paese, che da anni riunisce comunisti, socialisti e antifascisti di ogni tendenza e di molti paesi. Quest\u2019anno il DKP ha pensato di invitare due delegati appunto indiani, ma le autorit\u00e0 tedesche non hanno gradito. L\u2019India \u00e8 un paese emergente i cui comunisti non sono graditi<\/p>\n","protected":false},"author":2,"featured_media":15517,"comment_status":"closed","ping_status":"open","sticky":false,"template":"","format":"standard","meta":{"footnotes":""},"categories":[22,20,4],"tags":[],"coauthors":[259],"class_list":["post-15512","post","type-post","status-publish","format-standard","has-post-thumbnail","hentry","category-asia","category-europa","category-esteri"],"_links":{"self":[{"href":"https:\/\/www.sinistra.ch\/index.php?rest_route=\/wp\/v2\/posts\/15512","targetHints":{"allow":["GET"]}}],"collection":[{"href":"https:\/\/www.sinistra.ch\/index.php?rest_route=\/wp\/v2\/posts"}],"about":[{"href":"https:\/\/www.sinistra.ch\/index.php?rest_route=\/wp\/v2\/types\/post"}],"author":[{"embeddable":true,"href":"https:\/\/www.sinistra.ch\/index.php?rest_route=\/wp\/v2\/users\/2"}],"replies":[{"embeddable":true,"href":"https:\/\/www.sinistra.ch\/index.php?rest_route=%2Fwp%2Fv2%2Fcomments&post=15512"}],"version-history":[{"count":2,"href":"https:\/\/www.sinistra.ch\/index.php?rest_route=\/wp\/v2\/posts\/15512\/revisions"}],"predecessor-version":[{"id":15516,"href":"https:\/\/www.sinistra.ch\/index.php?rest_route=\/wp\/v2\/posts\/15512\/revisions\/15516"}],"wp:featuredmedia":[{"embeddable":true,"href":"https:\/\/www.sinistra.ch\/index.php?rest_route=\/wp\/v2\/media\/15517"}],"wp:attachment":[{"href":"https:\/\/www.sinistra.ch\/index.php?rest_route=%2Fwp%2Fv2%2Fmedia&parent=15512"}],"wp:term":[{"taxonomy":"category","embeddable":true,"href":"https:\/\/www.sinistra.ch\/index.php?rest_route=%2Fwp%2Fv2%2Fcategories&post=15512"},{"taxonomy":"post_tag","embeddable":true,"href":"https:\/\/www.sinistra.ch\/index.php?rest_route=%2Fwp%2Fv2%2Ftags&post=15512"},{"taxonomy":"author","embeddable":true,"href":"https:\/\/www.sinistra.ch\/index.php?rest_route=%2Fwp%2Fv2%2Fcoauthors&post=15512"}],"curies":[{"name":"wp","href":"https:\/\/api.w.org\/{rel}","templated":true}]}}