{"id":14639,"date":"2023-02-05T09:37:53","date_gmt":"2023-02-05T09:37:53","guid":{"rendered":"https:\/\/www.sinistra.ch\/?p=14639"},"modified":"2023-02-20T10:48:42","modified_gmt":"2023-02-20T10:48:42","slug":"al-piccolo-di-milano-il-barone-rampante-nel-centenario-della-nascita-di-italo-calvino","status":"publish","type":"post","link":"https:\/\/www.sinistra.ch\/?p=14639","title":{"rendered":"<strong>Al Piccolo di Milano \u201cIl barone rampante\u201d nel centenario della nascita di Italo Calvino<\/strong>"},"content":{"rendered":"\n<p>\u201c<em>Avevamo vent&#8217;anni e oltre il ponte che \u00e8 in mano nemica vedevamo l&#8217;altra riva, la vita, tutto il bene del mondo oltre il ponte, tutto il male avevamo di fronte, tutto il bene avevamo nel cuore, a vent&#8217;anni la vita \u00e8 oltre il ponte, oltre il fuoco comincia l&#8217;amore<\/em>.\u201d Non vent\u2019anni qualsiasi quelli passati da Italo Calvino insieme al fratello\u00a0<a href=\"https:\/\/it.wikipedia.org\/wiki\/Floriano_Calvino\">Floriano<\/a>\u00a0nella seconda divisione d&#8217;assalto\u00a0<a href=\"https:\/\/it.wikipedia.org\/wiki\/Partigiano\">partigiana<\/a>\u00a0Garibaldi sui monti liguri \u2013 piemontesi, tanto che anni dopo ricorder\u00e0 la sua esperienza resistenziale partendo dalla \u201c<em>generosit\u00e0, (<\/em>dal<em>)l\u2019ansia di far propria ogni causa generosa \u2026 devo dire che questo spirito, che permise ai partigiani di fare le cose meravigliose che fecero, resta ancor oggi, per muoversi nella contrastata realt\u00e0 del mondo, un atteggiamento umano senza pari<\/em>\u201d. Di quella stagione della sua vita restano tracce indelebili in \u201cIl sentiero dei nidi di ragno e \u201cUltimo viene il corvo\u201d.<\/p>\n\n\n\n<p>Il centenario della nascita di Italo Calvino racconta di un\u2019esistenza rivoluzionaria prima ancora di vedere la luce del mondo, suo padre infatti, il botanico Mario, \u00e8 in fuga dalla vecchia Europa dopo che ha regalato i suoi documenti a un matematico russo che ha attentato alla vita dello zar. Mario finisce cos\u00ec in Messico, dirigente scientifico al servizio della Rivoluzione di Zapata e Villa, quindi a Cuba, in cui a Santiago de Las Vegas de La Habana il 15 ottobre 1923 nasce il primogenito Italo, seguito appunto dal secondogenito Floriano che schiuder\u00e0 gli occhi a Sanremo nel \u201927, quest\u2019ultimo partigiano anch\u2019egli seppure solo sedicenne e poi professore universitario, il solo con il coraggio di certificare la vergogna della strage del Vajont del \u201863. La mamma Eva Mameli \u00e8 anch\u2019essa scienziata, sassarese per madre e per nascita, figlia di un padre genovese in missione come carabiniere nell\u2019isola.<\/p>\n\n\n\n<p>Una famiglia di cultura dunque, che pu\u00f2 offrire ai figli i mezzi per studiare in un\u2019Italia in cui povert\u00e0 e miseria tengono ancora e a lungo le masse proletarie lontano dalle aule universitarie, non a caso Italo, come Floriano, sceglier\u00e0 la militanza comunista, prima nella Resistenza e poi nella nuova Italia democratica e repubblicana.<\/p>\n\n\n\n<p>Italo Calvino, che condivide con Primo Levi un meraviglioso italiano letterario in prosa, con buona pace di tanti altri pi\u00f9 fecondi e pi\u00f9 acclamati romanzieri, sar\u00e0 un militante con la penna in pugno negli anni pi\u00f9 roventi e feroci dell\u2019anticomunismo, star\u00e0 risolutamente al fianco del Partito Comunista Italiano e del suo segretario Palmiro Togliatti e visiter\u00e0 l\u2019Unione Sovietica nel 1952, raccontandola con parole toccanti, basti ricordare quanto scrive delle studentesse che incontra: \u201c<em>qualcuna ha il fazzoletto rosso dei pionieri intorno al collo, hanno le trecce, le calze lunghe di lana, ci guardano coi loro grandi e chiari occhi russi, curiose ma solo un poco, allegre, attente e imperturbabili<\/em>.\u201d<\/p>\n\n\n\n<p>Quella militanza si chiuder\u00e0 alla fine degli anni \u201950, un decennio di fervorosa produzione di pagine pacate e al contempo intraprendenti nella critica sociale, pensiamo a \u201cMarcovaldo\u201d, ma anche e soprattutto al durissimo, affascinante e stupendo \u201cLa giornata di uno scrutatore\u201d, che molto potrebbe insegnare ancora oggi sul senso e il valore della democrazia, cos\u00ec come ferma e inappuntabile \u00e8 la denuncia della cementificazione della penisola promossa dalla Democrazia Cristiana negli anni della ricostruzione, raccontata in \u201cLa speculazione edilizia\u201d.<\/p>\n\n\n\n<p>Sono quegli stessi anni che lo vedono scrivere e pubblicare per Einaudi \u201cIl visconte dimezzato\u201d, \u201cIl barone rampante\u201d e \u201cIl cavaliere inesistente\u201d, poi diventati la trilogia de \u201cI nostri antenati\u201d, romanzi pieni di fantasia e di libert\u00e0, ma anche di un senso dell\u2019uguaglianza che rimanda all\u2019importanza dell\u2019agire insieme e collettivamente e non individualisticamente.<\/p>\n\n\n\n<figure class=\"wp-block-image size-full\"><a href=\"https:\/\/www.sinistra.ch\/wp-content\/uploads\/2023\/02\/it_il-barone-rampante-4-3_original.jpg\"><img loading=\"lazy\" decoding=\"async\" width=\"1024\" height=\"768\" src=\"https:\/\/www.sinistra.ch\/wp-content\/uploads\/2023\/02\/it_il-barone-rampante-4-3_original.jpg\" alt=\"\" class=\"wp-image-14641\" srcset=\"https:\/\/www.sinistra.ch\/wp-content\/uploads\/2023\/02\/it_il-barone-rampante-4-3_original.jpg 1024w, https:\/\/www.sinistra.ch\/wp-content\/uploads\/2023\/02\/it_il-barone-rampante-4-3_original-300x225.jpg 300w, https:\/\/www.sinistra.ch\/wp-content\/uploads\/2023\/02\/it_il-barone-rampante-4-3_original-768x576.jpg 768w, https:\/\/www.sinistra.ch\/wp-content\/uploads\/2023\/02\/it_il-barone-rampante-4-3_original-480x360.jpg 480w\" sizes=\"auto, (max-width: 1024px) 100vw, 1024px\" \/><\/a><\/figure>\n\n\n\n<p>Meritoria l\u2019iniziativa del Piccolo di Milano di mettere in scena, per la regia di Riccardo Frati, una riuscita riduzione de \u201cIl barone rampante\u201d, in cui il fratello narrante ci riporta fin da subito alla parole calviniane: \u201c<em>Fu il 15 di giugno del 1767 che Cosimo Piovasco di Rond\u00f2, mio fratello, sedette per l\u2019ultima volta in mezzo a noi<\/em>\u201d, poi meravigliosi costumi disegnanti da Gianluca Sbicca e una scenografia a tratti magicamente capace di giocare con gli spazi e i colori realizzata da Guia Buzzi e le luci curate da Luigi Biondi ci riportano nelle vicende umane di quel ragazzo e di coloro che gli sono attorno e gli vogliono bene, in un interrotto confronto con il suo tempo saporoso di rivoluzione e di illuminismo e cos\u00ec diverso dal nostro, tanto da vederci sperduti e senza il desiderio di levare lo sguardo per cercare nuovi orizzonti lontani.<\/p>\n\n\n\n<p>Prima di altri Calvino per altro aveva capito la sorte del vecchio continente, destinato a una decrepitezza sterile e immalinconita, tanto che visionariamente vedeva le moschee e i minareti di una popolazione giovane che avrebbe passato il Mediterraneo per cercare quel pane che stentava a raccogliere nella sua terra, popolando le strade di Roma e di Parigi, di Bruxelles e di Berlino nel XXI secolo.<\/p>\n\n\n\n<p>Le opere tarde si perdono nei mille meandri dell\u2019incanto, \u201cIl castello dei destini incrociati\u201d squaderna le carte dei tarocchi e si interroga sulla forme del sapere, ma \u00e8 con \u201cLe citt\u00e0 invisibili\u201d che ancora una volta ci offre il metro e la misura di una vita ben spesa, purch\u00e9 per amore della conoscenza.<\/p>\n\n\n\n<p>Questo infatti ci racconta in quel libro fantastico in cui la citt\u00e0 di Tecla \u00e8 rivelatrice di questo insegnamento, l\u00e0 donne e uomini armeggiano nell\u2019edificare la loro citt\u00e0 in un lavoro costante che \u00e8 simbolo di cammino, ancorch\u00e9 verticale e di ricerca, il narratore resta stupito e pone domande sul loro agire, gli abitanti rispondono perentori: \u201c<em>Te lo mostreremo appena terminata la giornata; ora non possiamo interrompere<\/em>\u201d. Scrive infine Calvino: \u201c<em>Il lavoro cessa al tramonto. Scende la notte sul cantiere. \u00c8 una notte stellata. \u2013 Ecco il progetto, \u2013 dicono<\/em>.\u201d Perch\u00e9 chi insegue una stella, insegue sempre con amore la conoscenza.<\/p>\n","protected":false},"excerpt":{"rendered":"<p>\u201cAvevamo vent&#8217;anni e oltre il ponte che \u00e8 in mano nemica vedevamo l&#8217;altra riva, la vita, tutto il bene del mondo oltre il ponte, tutto il male avevamo di fronte, tutto il bene avevamo nel cuore, a vent&#8217;anni la vita \u00e8 oltre il ponte, oltre il fuoco comincia l&#8217;amore.\u201d Non vent\u2019anni qualsiasi quelli passati da Italo Calvino insieme al fratello\u00a0Floriano\u00a0nella seconda divisione d&#8217;assalto\u00a0partigiana\u00a0Garibaldi sui monti liguri \u2013 piemontesi, tanto che anni dopo ricorder\u00e0 la sua esperienza resistenziale partendo dalla \u201cgenerosit\u00e0, (dal)l\u2019ansia di far propria ogni causa generosa \u2026 devo dire che questo spirito, che permise ai partigiani di fare le<\/p>\n","protected":false},"author":16407,"featured_media":14642,"comment_status":"closed","ping_status":"open","sticky":false,"template":"","format":"standard","meta":{"footnotes":""},"categories":[29],"tags":[],"coauthors":[264],"class_list":["post-14639","post","type-post","status-publish","format-standard","has-post-thumbnail","hentry","category-cultura-arte-e-letteratura"],"_links":{"self":[{"href":"https:\/\/www.sinistra.ch\/index.php?rest_route=\/wp\/v2\/posts\/14639","targetHints":{"allow":["GET"]}}],"collection":[{"href":"https:\/\/www.sinistra.ch\/index.php?rest_route=\/wp\/v2\/posts"}],"about":[{"href":"https:\/\/www.sinistra.ch\/index.php?rest_route=\/wp\/v2\/types\/post"}],"author":[{"embeddable":true,"href":"https:\/\/www.sinistra.ch\/index.php?rest_route=\/wp\/v2\/users\/16407"}],"replies":[{"embeddable":true,"href":"https:\/\/www.sinistra.ch\/index.php?rest_route=%2Fwp%2Fv2%2Fcomments&post=14639"}],"version-history":[{"count":4,"href":"https:\/\/www.sinistra.ch\/index.php?rest_route=\/wp\/v2\/posts\/14639\/revisions"}],"predecessor-version":[{"id":14707,"href":"https:\/\/www.sinistra.ch\/index.php?rest_route=\/wp\/v2\/posts\/14639\/revisions\/14707"}],"wp:featuredmedia":[{"embeddable":true,"href":"https:\/\/www.sinistra.ch\/index.php?rest_route=\/wp\/v2\/media\/14642"}],"wp:attachment":[{"href":"https:\/\/www.sinistra.ch\/index.php?rest_route=%2Fwp%2Fv2%2Fmedia&parent=14639"}],"wp:term":[{"taxonomy":"category","embeddable":true,"href":"https:\/\/www.sinistra.ch\/index.php?rest_route=%2Fwp%2Fv2%2Fcategories&post=14639"},{"taxonomy":"post_tag","embeddable":true,"href":"https:\/\/www.sinistra.ch\/index.php?rest_route=%2Fwp%2Fv2%2Ftags&post=14639"},{"taxonomy":"author","embeddable":true,"href":"https:\/\/www.sinistra.ch\/index.php?rest_route=%2Fwp%2Fv2%2Fcoauthors&post=14639"}],"curies":[{"name":"wp","href":"https:\/\/api.w.org\/{rel}","templated":true}]}}