{"id":12314,"date":"2021-11-11T10:05:51","date_gmt":"2021-11-11T10:05:51","guid":{"rendered":"https:\/\/www.sinistra.ch\/?p=12314"},"modified":"2021-11-11T10:14:15","modified_gmt":"2021-11-11T10:14:15","slug":"in-vista-delle-presidenziali-la-sinistra-francese-torna-a-cercare-la-sua-identita","status":"publish","type":"post","link":"https:\/\/www.sinistra.ch\/?p=12314","title":{"rendered":"In vista delle presidenziali, la sinistra francese torna a cercare la sua identit\u00e0"},"content":{"rendered":"\n<p>Si avvicina sempre pi\u00f9 l&#8217;appuntamento elettorale in Francia, in vista del quale i motori sono gi\u00e0 caldi da tempo e sta iniziando a tutti gli effetti la vera e propria campagna. Il primo turno dell&#8217;elezione presidenziale \u00e8 previsto per il 10 aprile e tutti gli occhi sono puntati sulla corsa all&#8217;Eliseo, dove il presidente uscente <strong>Emmanuel Macron<\/strong> spera di poter trascorrere un altro mandato, malgrado il bilancio di questo suo primo &#8220;quinquennat&#8221; sia tutto meno che positivo. Le misure di austerit\u00e0, le riforme antisociali e gli sgravi fiscali ai super-ricchi hanno infiammato la contestazione nel paese, con i sindacati in stato di agitazione quasi perenne e con lo svilupparsi di forme di mobilitazione popolare autonome (come lo \u00e8 stato il fenomeno dei &#8220;gilets jaunes&#8221;). La reazione presidenziale al disagio manifestatosi nel Paese non ha fatto che acuire la protesta: al di l\u00e0 di un &#8220;grand d\u00e9bat&#8221; nazionale istituito a fini propagandistici, la piazza ha dovuto far fronte ad una repressione inaudita, segnata da menomazioni ricorrenti e gravi scandali (come l&#8217;affaire Benalla, in seguito al quale il braccio destro del presidente \u00e8 stato messo sotto inchiesta per gravi violenze sui manifestanti).<\/p>\n\n\n\n<p>In questo quadro esplosivo (e in una certa misura favorevole ad un discorso di alternativa), la sinistra di classe francese si presenta all&#8217;appuntamento elettorale divisa e con un gran numero di candidature rivali fra loro. Uno scenario nuovo rispetto al 2017, dove numerose organizzazioni progressiste si erano coalizzate dietro alla candidatura di <strong>Jean-Luc M\u00e9lenchon<\/strong> (fondatore della &#8220;France insoumise&#8221;), poi arrivato ad un soffio dal secondo turno (da cui rimase escluso per la colpevole strategia del Partito Socialista, che non aveva dirottato su di lui i voti necessari ad andare al ballottaggio, poi vinto da Macron contro <strong>Marine Le Pen<\/strong>: <a href=\"https:\/\/www.sinistra.ch\/?p=6516\">leggi qui<\/a>). Una sinistra frammentata e litigiosa dunque, senza nessuna chance di vittoria in questa elezione: vedremo qui di seguito per quale ragione questo scenario non sia necessariamente cos\u00ec negativo come potrebbe sembrare, ed anzi potrebbe contenere i germogli di una rinascita della sinistra di classe in un Paese, la Francia, dove essa ha una storia di prim&#8217;ordine.<\/p>\n\n\n\n<h3 class=\"wp-block-heading\">Una corsa gi\u00e0 stabilita: sar\u00e0 Macron contro Zemmour o Le Pen<\/h3>\n\n\n\n<p>Prima di passare in rassegna le candidature della sinistra, vale la pena soffermarsi sul quadro generale che si sta delineando in vista delle presidenziali di aprile. Esso \u00e8 infatti sensibilmente mutato rispetto al 2017: se nei sondaggi rimangono in testa Macron e Le Pen (scontratisi al ballottaggio nel 2017), nella corsa all&#8217;Eliseo si \u00e8 aggiunto un terzo incomodo, il discusso giornalista e saggista <strong>Eric Zemmour<\/strong>. Bench\u00e9 non abbia ancora ufficializzato la sua candidatura alla presidenza della Repubblica, l&#8217;editorialista del quotidiano conservatore <em>Le Figaro<\/em> si \u00e8 gi\u00e0 ritagliato un importante posto nel dibattito pubblico: nel solo mese di settembre ha ricevuto ben 16 inviti per interviste e dibattiti sui grandi media nazionali (generalmente programmati in momenti di forte <em>audience<\/em>), a cui si sommano oltre 4000 apparizioni sulla stampa scritta (con una media di oltre 130 articoli al giorno).<\/p>\n\n\n\n<figure class=\"wp-block-image\"><img decoding=\"async\" src=\"https:\/\/www.acrimed.org\/IMG\/jpg\/zemmour3_hd.jpg\" alt=\"\"\/><figcaption>Fin dall&#8217;inizio di quest&#8217;anno, Eric Zemmour ha conquistato la copertina dei tabloid transalpini.<\/figcaption><\/figure>\n\n\n\n<p>Un vero e proprio fenomeno mediatico dunque, che i giornalisti hanno abilmente costruito e promosso sulla scena nazionale, con il prevedibile intento di sponsorizzare un candidato conservatore alternativo a Marine Le Pen e di animare nuovamente una dinamica elettorale fondata sullo scontro fra bene e male, fra modernit\u00e0 e oscurantismo, in cui Macron possa conquistare facilmente un secondo mandato. Qualora dovesse andare &#8220;male&#8221;, il popolo francese potrebbe comunque eleggere un ruvido ma inoffensivo candidato conservatore, che non colpirebbe gli interessi della classe dirigente del Paese. La sua agenda, incentrata sul &#8220;pericolo immigrazionista&#8221; e sulla presunta &#8220;femminilizzazione&#8221; della societ\u00e0 (temi a cui aveva gi\u00e0 dedicato svariati saggi in passato), non tocca infatti nessuno degli argomenti cruciali per le classi popolari, come l&#8217;integrazione europea, la questione sociale o lo sviluppo economico.<\/p>\n\n\n\n<p>Bench\u00e9 &#8211; come avevamo gi\u00e0 rilevato nel 2017 (<a href=\"https:\/\/www.sinistra.ch\/?p=6432\">leggi qui<\/a>) &#8211; quella fra Macron e Le Pen fosse una falsa alternativa che non avrebbe portato a nessuna rottura progressiva (in quanto entrambi rappresentavano e rappresentano ancor oggi gli interessi di particolari settori della borghesia francese), ci sembra si possa oggi affermare che una presidenza Le Pen potrebbe aprire importanti contraddizioni nella classe dominante francese. La presidenza di Trump negli USA ce lo ha insegnato: l&#8217;elezione di un leader &#8220;sovranista&#8221; (per usare un termine caro ai nostri media) apre un forte conflitto all&#8217;interno della borghesia, i cui settori globalisti (favorevoli cio\u00e8 alla globalizzazione, da cui traggono enormi benefici) si trovano su un fronte opposto rispetto ai settori &#8220;nazionali&#8221; (il cui centro d&#8217;interesse \u00e8 invece l&#8217;economia nazionale). Ebbene, questo scenario \u00e8 con ogni probabilit\u00e0 quello che la classe dirigente vuole evitare, sponsorizzando un &#8220;fenomeno Zemmour&#8221; che &#8211; anche qualora dovesse riuscire ad accedere all&#8217;Eliseo &#8211; potrebbe facilmente controllare, portando lo scontro nel Paese su temi di secondaria importanza.<\/p>\n\n\n\n<p>La strategia sembra peraltro funzionare egregiamente: tutti gli ultimi sondaggi accreditano a Zemmour un importante quota delle intenzioni di voto (circa il 15-18%), tallonando Le Pen (19-20%) che attualmente si trova in seconda posizione rispetto a Macron (23-25%). I post-gollisti dei R\u00e9publicains sembrano ancora una volta fuori dalla corsa (anche se la scelta del candidato, prevista durante un Congresso ad inizio dicembre, potrebbe ridare slancio alla loro campagna), cos\u00ec come la sinistra, che nel 2017 era quasi riuscita ad accedere al secondo turno. Del 20% dei consensi raccolti allora, Jean-Luc M\u00e9lenchon ne conserverebbe oggi solo circa l&#8217;8-10%, ben lontano dalla testa della corsa che potrebbe permettergli di ambire al ballottaggio. Non di meglio riescono a fare i socialisti, che schierano la sindaca di Parigi <strong>Anne Hidalgo<\/strong> (in carica dal 2014), n\u00e9 i Verdi, che si smarcano dal PS su cui avevano dirottato i loro voti nel 2017 (senza riuscire ad influire sul disastroso risultato di Beno\u00eet Hamon) candidando l&#8217;europarlamentare <strong>Yannick Jadot<\/strong>: entrambi riscuotono solo il 5-8% dei consensi.<\/p>\n\n\n\n<figure class=\"wp-block-image\"><img decoding=\"async\" src=\"https:\/\/pbs.twimg.com\/media\/FCuRA1TWEAMAJTo?format=png&amp;name=large\" alt=\"\"\/><figcaption>Uno dei numerosi sondaggi realizzati in vista delle elezioni attesta quali sono i candidati &#8220;in testa alla corsa&#8221;.<\/figcaption><\/figure>\n\n\n\n<p>La corsa per l&#8217;Eliseo sembra dunque gi\u00e0 scritta: conscia del pessimo bilancio della presidenza Macron, la classe dirigente francese ha promosso una candidatura &#8220;di disturbo&#8221; che possa raccogliere almeno parte del voto di protesta che altrimenti si riverserebbe su Le Pen, con l&#8217;obiettivo di estrometterla dal ballottaggio. Se l&#8217;operazione non dovesse funzionare, si far\u00e0 di nuovo ricorso al &#8220;fronte repubblicano&#8221; che (almeno finora) \u00e8 sempre riuscito ad arginare l&#8217;ascesa al potere dell&#8217;estrema destra, assicurando cos\u00ec al &#8220;pr\u00e9sident des riches&#8221; un secondo mandato.<\/p>\n\n\n\n<h3 class=\"wp-block-heading\">Il lento declino di M\u00e9lenchon: il partito sopravviver\u00e0 al suo leader?<\/h3>\n\n\n\n<p>&#8220;La France insoumise&#8221; (LFI), il partito creato da Jean-Luc M\u00e9lenchon nel 2016 sulle ceneri del &#8220;Front de Gauche&#8221;  (FdG) (che raccoglieva svariate organizzazioni della sinistra radicale francese), \u00e8 da tempo attraversato da una crisi latente. L&#8217;ottimo risultato delle presidenziali del 2017 influenza positivamente anche le concomitanti elezioni legislative: la France insoumise raccoglie l&#8217;11% dei voti al 1\u00b0 turno e ottiene 17 deputati, 7 in pi\u00f9 rispetto al 2012 (quando il FdG aveva ottenuto il 7% dei voti). Gi\u00e0 nel 2018 si registrano per\u00f2 alcune frizioni interne, con l&#8217;abbandono del partito da parte di alcuni dirigenti nazionali a causa dell&#8217;assenza di una vera democrazia interna e della linea strategica della direzione nazionale. La France Insoumise non \u00e8 infatti un partito a tutti gli effetti e viene considerata un movimento popolare, in cui il leader M\u00e9lenchon ha ampia autonomia di giudizio, senza che esistano degli organi di confronto e dibattito in cui possano affrontarsi le diverse correnti presenti nell&#8217;organizzazione. La frangia che i media indicano come &#8220;sovranista&#8221; e &#8220;populista&#8221; viene dunque marginalizzata ed estromessa dal partito, da cui vengono esclusi personaggi come <strong>Georges Kuzmanovic<\/strong>, che &#8211; rifacendosi ad un impegno repubblicano e patriottico &#8211; aveva ad esempio sostenuto l&#8217;intervento militare russo in Siria e aveva strizzato l&#8217;occhio alla <em>Brexit<\/em> britannica (<a href=\"https:\/\/www.lemonde.fr\/politique\/article\/2018\/11\/29\/la-france-insoumise-en-pleine-tourmente_5390170_823448.html\">leggi qui<\/a>).<\/p>\n\n\n\n<p>Di l\u00ec a poco, nonostante alcuni tentennamenti iniziali, la France insoumise sostiene pubblicamente il movimento dei &#8220;gilets jaunes&#8221;, scesi in piazza durante l&#8217;inverno 2018-2019 contro le misure di rincaro (in particolare della benzina) adottate dal governo con la scusa della transizione ecologica. Le elezioni europee del maggio 2019 riaprono per\u00f2 la crisi nel partito: la lista guidata dall&#8217;europeista <strong>Manon Aubry<\/strong> raccoglie infatti solo il 6% dei voti, contro l&#8217;11% pronosticato dalla dirigenza della LFI. La contestazione alla linea di M\u00e9lenchon si riapre (<a href=\"https:\/\/www.lemonde.fr\/politique\/article\/2019\/06\/04\/a-la-france-insoumise-une-crise-de-basse-intensite_5471139_823448.html\">leggi qui<\/a>), con le critiche di <strong>Cl\u00e9mentine Autain <\/strong>da un lato (volte ad abbandonare una strategia definita &#8220;populista&#8221; e a riavvicinarsi agli ambienti intellettuali) e quelle di <strong>Alexis Corbi\u00e8re<\/strong> dall&#8217;altro (che spinge invece per rafforzare una linea che rivendichi proprio un&#8217;identit\u00e0 &#8220;populista&#8221; e che abbandoni il riferimento alla sinistra). Malgrado si inizi a parlare di un passo indietro del &#8220;supremo leader&#8221; della France insoumise, la crisi sembra rientrare e il partito si ricompatta dietro alla sua candidatura all&#8217;Eliseo, annunciata nel novembre 2020.<\/p>\n\n\n\n<figure class=\"wp-block-image\"><img decoding=\"async\" src=\"https:\/\/cdn-s-www.lejsl.com\/images\/BA67CE97-066E-4585-8259-7BB50DB7D503\/NW_raw\/jean-luc-melenchon-depute-lfi-de-marseille-photo-afp-christophe-simon-1603391139.jpg\" alt=\"\"\/><figcaption>Jean-Luc M\u00e9lenchon guida la France insoumise fin dalla sua fondazione nel 2016.<\/figcaption><\/figure>\n\n\n\n<p>M\u00e9lenchon, che sotto lo slogan dell'&#8221;Union populaire&#8221; ha tentato di riunire svariate organizzazioni dietro alla sua figura come nel 2017, si ripresenta con una versione aggiornata del suo programma di cinque anni fa, intitolato &#8220;L&#8217;Avenir en commun&#8221; (<a href=\"https:\/\/melenchon2022.fr\/wp-content\/uploads\/2020\/11\/AEC-novembre-2020.pdf\">leggi qui<\/a>). Come vedremo, l&#8217;appello \u00e8 per\u00f2 caduto nel vuoto e l&#8217;ambiguit\u00e0 europeista dimostrata dalla France insoumise negli ultimi anni l&#8217;ha isolata dal resto della sinistra di classe. Quel partito che era riuscito a divenire un polo aggregante nel 2017, dietro ad un coraggioso programma di rottura con i dogmi neoliberali ed i trattati europei che li impongono, sembra ora destinato ad un ulteriore declino. C&#8217;\u00e8 da chiedersi cosa decider\u00e0 di fare M\u00e9lenchon dopo l&#8217;appuntamento elettorale e se la France insoumise riuscir\u00e0 a sopravvivere senza la sua figura &#8220;federatrice&#8221;: come abbiamo visto, le varie anime che la costituiscono sono infatti gi\u00e0 pronte a darsi battaglia, specialmente se questa dovesse giocarsi sulla leadership dell&#8217;organizzazione.<\/p>\n\n\n\n<h3 class=\"wp-block-heading\">Il PCF torna a presentarsi con una candidatura &#8220;di bandiera&#8221;<\/h3>\n\n\n\n<p>I primi a defilarsi dal &#8220;rassemblement&#8221; proposto da M\u00e9lenchon sono stati i comunisti dello storico PCF, che tornano a presentarsi all&#8217;elezione presidenziale con un proprio candidato dopo 15 anni (l&#8217;ultima candidatura all&#8217;Eliseo era stata quella di <strong>Marie-George Buffet<\/strong> nel 2007, quando il partito aveva raccolto il 2% dei consensi, un minimo storico che l&#8217;aveva condotto a cercare pi\u00f9 larghe alleanze nelle tornate successive). Il Partito Comunista Francese ha infatti deciso di schierare il proprio segretario generale, <strong>Fabien Roussel<\/strong>, come candidato alla presidenza della Repubblica.<\/p>\n\n\n\n<p>Dalla sua elezione alla testa del partito, avvenuta nel 2018, Roussel sembra aver tentato di far fronte alla grave crisi interna che attraversa il PCF fin dagli anni &#8217;90 (di cui avevamo gi\u00e0 parlato sul nostro portale: <a href=\"https:\/\/www.sinistra.ch\/?p=2557\">leggi qui<\/a>). La direzione eurocomunista e liquidazionista impersonata da <strong>Robert Hue<\/strong>, da Marie-George Buffet e infine da <strong>Pierre Laurent<\/strong> \u00e8 stata messa in minoranza in occasione del 38\u00b0 congresso del PCF svoltosi nel 2018, quando le tesi proposte dalla direzione sono state bocciate dai membri del partito, che hanno preferito il documento alternativo presentato da <strong>Andr\u00e9 Chassaigne<\/strong> e da Fabien Roussel (<a href=\"https:\/\/www.lemonde.fr\/politique\/article\/2018\/10\/06\/congres-du-pcf-le-texte-de-la-direction-mis-en-minorite_5365752_823448.html\">leggi qui<\/a>), poi eletto segretario generale. Bench\u00e9 non si sia giunti ad una vera e propria rottura con la linea precedente (come quella proposta dal gruppo &#8220;Vive le Parti Communiste Fran\u00e7ais&#8221;, il cui documento ha raccolto l&#8217;8% dei consensi fra gli iscritti) e l&#8217;erosione della base elettorale sia proseguita anche sotto la nuova direzione, alcuni osservatori hanno rilevato una sostanziale differenza rispetto all&#8217;orientamento promosso da Pierre Laurent nel decennio scorso.<\/p>\n\n\n\n<div class=\"wp-block-image\"><figure class=\"alignright size-large is-resized\"><a href=\"https:\/\/www.sinistra.ch\/wp-content\/uploads\/2021\/10\/pcf.png\"><img loading=\"lazy\" decoding=\"async\" src=\"https:\/\/www.sinistra.ch\/wp-content\/uploads\/2021\/10\/pcf-777x1024.png\" alt=\"\" class=\"wp-image-12373\" width=\"327\" height=\"431\" srcset=\"https:\/\/www.sinistra.ch\/wp-content\/uploads\/2021\/10\/pcf-777x1024.png 777w, https:\/\/www.sinistra.ch\/wp-content\/uploads\/2021\/10\/pcf-228x300.png 228w, https:\/\/www.sinistra.ch\/wp-content\/uploads\/2021\/10\/pcf-768x1012.png 768w, https:\/\/www.sinistra.ch\/wp-content\/uploads\/2021\/10\/pcf-1165x1536.png 1165w, https:\/\/www.sinistra.ch\/wp-content\/uploads\/2021\/10\/pcf-1554x2048.png 1554w, https:\/\/www.sinistra.ch\/wp-content\/uploads\/2021\/10\/pcf-480x633.png 480w\" sizes=\"auto, (max-width: 327px) 100vw, 327px\" \/><\/a><figcaption>Roussel richiama l&#8217;identit\u00e0 degli anni &#8217;70.<\/figcaption><\/figure><\/div>\n\n\n\n<p>Il settimanale <em>Marianne<\/em> ha ad esempio pubblicato lo scorso dicembre un articolo dall&#8217;eloquente titolo &#8220;Il ritorno del PC dell&#8217;epoca Marchais?&#8221; (<a href=\"https:\/\/www.pressreader.com\/france\/marianne-magazine\/20201211\/281625307885648\">leggi qui<\/a>), in riferimento allo storico segretario generale <strong>Georges Marchais<\/strong>, alla testa del PCF dal 1972 al 1994. Il recupero dei temi della sovranit\u00e0, della sicurezza e della laicit\u00e0 da parte del neo-segretario avrebbero riavvicinato il Partito alla sua linea degli anni &#8217;70 e &#8217;80, smarcandosi invece dall&#8217;imprudente ingenuit\u00e0 del resto della sinistra, che ha sminuito questi problemi favorendo la martellante propaganda della destra nazionalista. Roussel non le ha mandate a dire neanche su temi delicati come quello dell&#8217;immigrazione: nel settembre 2019, aveva dichiarato di voler &#8220;<em>fermare questa immigrazione organizzata dai trattati liberali di Bruxelles che mette i salariati in concorrenza fra loro<\/em>&#8220;. In un convegno su Jean Jaur\u00e8s a Tolosa, il neo-segretario aveva esplicitato il progetto politico alla base della sua leadership: &#8220;<em>vogliamo veder sventolare nuovamente il tricolore francese a fianco della bandiera rossa del movimento operaio, vogliamo difendere un progetto di societ\u00e0 che metta al centro l&#8217;essere umano e il pianeta, ma che rimetta anche al centro delle sue lotte la democrazia e la sovranit\u00e0 del popolo di Francia!<\/em>&#8220;.<\/p>\n\n\n\n<p>La scelta di presentare una propria candidatura alle prossime elezioni presidenziali sembra dettata dalla volont\u00e0 di promuovere e far conoscere questo progetto politico, tornando a parlare alla propria base sociale: lo stesso Roussel \u00e8 deputato all&#8217;Assemblea nazionale per il Nord industriale che ha subito le devastazioni della globalizzazione e si fa dunque portavoce di un discorso molto diverso rispetto ai leader di partito provenienti da Parigi (come lo era ad esempio Pierre Laurent). Le sue priorit\u00e0 sono dunque chiare: &#8220;<em>\u00e8 urgentissimo uscire da questo modello economico, dalle logiche di profitto, di breve termine, e fermare la delocalizzazione della nostra industria<\/em>&#8220;. Anche sul tema energetico la posizione del candidato del PCF \u00e8 molto chiara: in nome dell&#8217;ecologia e della decarbonizzazione dell&#8217;economia, ha riaffermato l&#8217;importanza del settore nucleare per l&#8217;approvvigionamento del Paese, opponendosi alla chiusura di numerose centrali prevista dal governo. Oltre che nei contenuti, la campagna di Roussel (significativamente intitolata &#8220;Le d\u00e9fi des jours heureux&#8221;, riprendendo il nome del programma comune della Resistenza francese siglato nel 1944) si smarca dal resto della sinistra anche nello stile: interpellato sulla sua posizione in merito alla caccia (pratica contestata dagli ecologisti), il segretario del PCF ha difeso i cacciatori, dicendo di &#8220;<em>averne abbastanza di questi intellettuali condiscendenti che non smettono di dare lezioni<\/em> <em>sui nostri modi di vivere e di fare<\/em>&#8221; (<a href=\"https:\/\/www.francetvinfo.fr\/france\/chasse\/video-chasses-traditionnelles-fabien-roussel-en-a-un-peu-marre-des-intellectuels-condescendants-qui-donnent-des-lecons_4811917.html\">vedi qui<\/a>).<\/p>\n\n\n\n<figure class=\"wp-block-image\"><img decoding=\"async\" src=\"https:\/\/cdn-lejdd.lanmedia.fr\/var\/europe1\/storage\/images\/lejdd\/politique\/fabien-roussel-candidat-pcf-a-la-presidentielle-au-jdd-je-suis-un-ecolo-coco-4061223\/57501534-1-fre-FR\/Fabien-Roussel-candidat-PCF-a-la-presidentielle-au-JDD-Je-suis-un-ecolo-coco.jpg\" alt=\"\"\/><figcaption>Il segretario generale Fabien Roussel sar\u00e0 il candidato del PCF alla presidenza della Repubblica.<\/figcaption><\/figure>\n\n\n\n<p>Roussel ha promosso un riallineamento del partito anche sul piano internazionale: malgrado alcune importanti ambiguit\u00e0 sulle quali ritorneremo in seguito, il nuovo segretario ha assunto delle posizioni per nulla scontate in un Partito che in nome dell&#8217;Europa unita aveva liquidato buona parte della sua storia. Egli ha ad esempio duramente condannato la multa inflitta dalla Commissione europea alla Polonia per aver &#8220;compromesso l&#8217;indipendenza della giustizia&#8221;, giudicando &#8220;inammissibile&#8221; questa sanzione e facendo appello al rispetto dei parlamenti nazionali, vera sede della sovranit\u00e0 popolare (<a href=\"https:\/\/www.lemonde.fr\/politique\/article\/2021\/10\/29\/presidentielle-2022-les-gauches-entre-souverainisme-et-espoir-de-refondation-de-l-union-europeenne_6100318_823448.html\">leggi qui<\/a>). Sulla scia della &#8220;crisi dei sottomarini&#8221; apertasi fra Francia e USA, Roussel ha anche rivendicato l&#8217;uscita del suo Paese dal comando della NATO (a cui aveva aderito Nicolas Sarkoy nel 2009) e in prospettiva un abbandono totale dell&#8217;Alleanza atlantica (<a href=\"https:\/\/www.franceinter.fr\/emissions\/questions-politiques\/questions-politiques-du-dimanche-19-septembre-2021\">leggi qui<\/a>). Non da meno, il nuovo segretario del PCF ha riallacciato i rapporti con il Partito Comunista Cinese, a cui ha inviato un messaggio di auguri per il suo centenario, ricordando la &#8220;lunga e ricca storia comune&#8221; dei due partiti, cos\u00ec come l&#8217;importante ruolo giocati dai &#8220;grandi dirigenti&#8221; del PCC nella modernizzazione del Paese (<a href=\"http:\/\/french.xinhuanet.com\/2021-06\/21\/c_1310018734.htm\">leggi qui<\/a>).<\/p>\n\n\n\n<p>Quella del PCF \u00e8 dunque una candidatura &#8220;di bandiera&#8221;, che sa di non avere nessuna chance nella competizione per l&#8217;Eliseo (i sondaggi attribuiscono a Roussel solo il 2% dei consensi), ma che la direzione del Partito ha deciso di presentare per riportare la sua proposta nel dibattito pubblico. Fabien Roussel l&#8217;ha detto chiaramente: &#8220;<em>abbiamo un ruolo importante da giocare per riconquistare i cuori e le menti di chi non ci crede pi\u00f9, di chi si sente tradito, di chi si sente abbandonato da una sinistra che non fa pi\u00f9 sognare<\/em>&#8220;. A chi lo accusa di privare il campo progressista di qualunque chance di vittoria, il segretario comunista ha risposto cos\u00ec: &#8220;<em>il problema della sinistra, non \u00e8 la sua divisione ma la sua debolezza. \u00c8 chiaro che se la sinistra non partecipa al grande gioco delle idee, se non sceglie di rivolgersi alle classi popolari, al mondo del lavoro, ai giovani, continuer\u00e0 a restare debole<\/em>&#8221; (<a href=\"https:\/\/www.pressreader.com\/france\/marianne-magazine\/20210416\/283145726551713\">leggi qui<\/a>). <\/p>\n\n\n\n<h3 class=\"wp-block-heading\">Obiettivo Frexit: il PRCF schiera l&#8217;Alternative Rouge-Tricolore<\/h3>\n\n\n\n<p>Questo rinnovamento politico del PCF non \u00e8 per\u00f2 ancora sufficiente a convincere il P\u00f4le de Renaissance Communiste en France (PRCF), nato nel 2004 in seguito ad una scissione proprio dal PCF, giudicato irriformabile e definitivamente compromesso in quanto avviato su una direzione liquidazionista e revisionista. Il nodo cruciale che ancora allontana il PRCF dal PCF \u00e8 la questione europea (<a href=\"https:\/\/www.initiative-communiste.fr\/articles\/europe-capital\/fabien-roussel-2022-une-candidature-communiste-en-trompe-loeil-eludant-la-question-europeenne\/\">leggi qui<\/a>): la candidatura di Roussel eluderebbe infatti la questione fondamentale dell&#8217;uscita dall&#8217;Euro e dall&#8217;Unione Europea, rinnovando le illusioni su un riforma dei trattati europei, sulla possibilit\u00e0 di costruire una &#8220;Europa sociale&#8221; di progresso e solidariet\u00e0. Nel suo recente libro, Ma France, Roussel scrive in effetti  a chiare lettere che &#8220;<em>non si tratta per noi di agitare lo spettro di un&#8217;uscita dall&#8217;UE nel 2022. Una Frexit non darebbe delle alternative alla Francia. Quando si fa fronte ad una pandemia, si ha l&#8217;interesse a cooperare, a lavorare insieme piuttosto che a chiudere le frontiere a qualunque relazione economica, umana o scientifica<\/em>&#8220;. Ecco perch\u00e9, per il PRCF, \u00e8 inconcepibile accodarsi ad una simile candidatura di bandiera senza nessuna chance di sedurre le classi popolari francesi.<\/p>\n\n\n\n<p>Simile \u00e8 il discorso per quanto riguarda la candidatura di M\u00e9lenchon (che il PRCF aveva, seppur criticamente, sostenuto nel 2017). In una lettera aperta al leader della France insoumise (<a href=\"https:\/\/www.initiative-communiste.fr\/articles\/prcf\/jean-luc-melenchon-interpelle-les-communistes-du-pcf-les-militants-franchement-communistes-du-prcf-lui-repondent\/\">leggi qui<\/a>), il PRCF ha constatato l&#8217;importante arretramento sulla cruciale questione europea: mentre l&#8217;europarlamentare Manon Aubry s&#8217;indigna per la Brexit e dichiara che &#8220;Robert Schuman ha costruito l&#8217;Europa sulla solidariet\u00e0&#8221;, mentre il deputato Eric Coquerel afferma di voler &#8220;ricostruire l&#8217;Europa, ma non di uscirne&#8221;, M\u00e9lenchon viene accusato di un colpevole silenzio. Rilevando l&#8217;importante arretramento elettorale della France insoumise, il PRCF segnala i profondi cambiamenti occorsi nel Paese dal 2017 ad oggi (dall&#8217;ulteriore degrado delle condizioni di vita dei lavoratori all&#8217;importante cesura segnata dal movimento dei &#8220;gilets jaunes&#8221;), che ridurrebbero all&#8217;impotenza un progetto politico che non si pone radicalmente le questioni vitali per il movimento popolare in Francia.<\/p>\n\n\n\n<figure class=\"wp-block-image\"><img decoding=\"async\" src=\"https:\/\/www.initiative-communiste.fr\/wp-content\/uploads\/2021\/07\/20210624-FadiKassemPRCF-alternative-rouge-tricolore.jpeg\" alt=\"\"\/><figcaption>Fadi Kassem sar\u00e0 portavoce dell&#8217;Alternative Rouge Tricolore lanciata dal PRCF.<\/figcaption><\/figure>\n\n\n\n<p>Da qui la scelta del PRCF di correre alle elezioni presidenziali con una propria candidatura, quella del segretario nazionale <strong>Fadi Kassem<\/strong>, ed un proprio programma, sotto l&#8217;insegna dell&#8217;Alternative Rouge-Tricolore: &#8220;<em>l&#8217;alternativa che portiamo associa la Marsigliese e l&#8217;Internazionale, la bandiera tricolore e la bandiera rossa, poich\u00e9 solo questa alleanza assicura la fine dell&#8217;asservimento all&#8217;Unione europea del capitale, al capitalismo globalizzato e ai suoi bracci armati (come la NATO)<\/em>&#8220;. Con l&#8217;obiettivo di riconquistare pienamente la sovranit\u00e0 nazionale e popolare, il PRCF rivendica dunque l&#8217;uscita dall&#8217;Euro, dall&#8217;Unione europea e dalla NATO (con quella che viene chiamata &#8220;Frexit progressista&#8221;), oltre ad un ambizioso programma di nazionalizzazioni, la difesa dei servizi pubblici e la ricostituzione di uno Stato sociale forte e capillare.<\/p>\n\n\n\n<h3 class=\"wp-block-heading\">Una campagna per ricostruire delle organizzazioni di lotta?<\/h3>\n\n\n\n<p>Bench\u00e9 divisa, non si pu\u00f2 certo dire che la sinistra di classe francese sia priva di idee e di argomenti: le sfumature, le priorit\u00e0 e le strategie sono certamente diverse, ma ci\u00f2 che \u00e8 interessante notare \u00e8 la combattivit\u00e0 con cui le varie organizzazioni comuniste francesi si dirigono all&#8217;appuntamento elettorale. Rifuggendo ipotesi rinunciatarie e senza temere un risultato deludente, osano invece tornare sul territorio, far conoscere le proprie proposte e mobilitare i propri militanti per riprendere contatto con la propria base sociale. Bench\u00e9 come detto tutto (o quasi) sia gi\u00e0 scritto in questa tornata elettorale e la sinistra non possa ambire ad un grande risultato, \u00e8 confortante notare come &#8211; al netto delle divisioni &#8211; le organizzazioni comuniste francesi siano motivate a sfruttare questa occasione per radicarsi sul territorio e nella societ\u00e0: a nostro avviso, \u00e8 infatti solo con un percorso di questo genere, seppur lungo e complesso, che pu\u00f2 rinascere un movimento di lotta capace di far fronte alle sfide del futuro e ad ambire ad un ruolo di primo piano sulla scena politica nazionale.<\/p>\n","protected":false},"excerpt":{"rendered":"<p>Si avvicina sempre pi\u00f9 l&#8217;appuntamento elettorale in Francia, in vista del quale i motori sono gi\u00e0 caldi da tempo e sta iniziando a tutti gli effetti la vera e propria campagna. Il primo turno dell&#8217;elezione presidenziale \u00e8 previsto per il 10 aprile e tutti gli occhi sono puntati sulla corsa all&#8217;Eliseo, dove il presidente uscente Emmanuel Macron spera di poter trascorrere un altro mandato, malgrado il bilancio di questo suo primo &#8220;quinquennat&#8221; sia tutto meno che positivo. Le misure di austerit\u00e0, le riforme antisociali e gli sgravi fiscali ai super-ricchi hanno infiammato la contestazione nel paese, con i sindacati in<\/p>\n","protected":false},"author":17693,"featured_media":12377,"comment_status":"closed","ping_status":"open","sticky":false,"template":"","format":"standard","meta":{"footnotes":""},"categories":[20,4],"tags":[],"coauthors":[6809],"class_list":["post-12314","post","type-post","status-publish","format-standard","has-post-thumbnail","hentry","category-europa","category-esteri"],"_links":{"self":[{"href":"https:\/\/www.sinistra.ch\/index.php?rest_route=\/wp\/v2\/posts\/12314","targetHints":{"allow":["GET"]}}],"collection":[{"href":"https:\/\/www.sinistra.ch\/index.php?rest_route=\/wp\/v2\/posts"}],"about":[{"href":"https:\/\/www.sinistra.ch\/index.php?rest_route=\/wp\/v2\/types\/post"}],"author":[{"embeddable":true,"href":"https:\/\/www.sinistra.ch\/index.php?rest_route=\/wp\/v2\/users\/17693"}],"replies":[{"embeddable":true,"href":"https:\/\/www.sinistra.ch\/index.php?rest_route=%2Fwp%2Fv2%2Fcomments&post=12314"}],"version-history":[{"count":48,"href":"https:\/\/www.sinistra.ch\/index.php?rest_route=\/wp\/v2\/posts\/12314\/revisions"}],"predecessor-version":[{"id":12445,"href":"https:\/\/www.sinistra.ch\/index.php?rest_route=\/wp\/v2\/posts\/12314\/revisions\/12445"}],"wp:featuredmedia":[{"embeddable":true,"href":"https:\/\/www.sinistra.ch\/index.php?rest_route=\/wp\/v2\/media\/12377"}],"wp:attachment":[{"href":"https:\/\/www.sinistra.ch\/index.php?rest_route=%2Fwp%2Fv2%2Fmedia&parent=12314"}],"wp:term":[{"taxonomy":"category","embeddable":true,"href":"https:\/\/www.sinistra.ch\/index.php?rest_route=%2Fwp%2Fv2%2Fcategories&post=12314"},{"taxonomy":"post_tag","embeddable":true,"href":"https:\/\/www.sinistra.ch\/index.php?rest_route=%2Fwp%2Fv2%2Ftags&post=12314"},{"taxonomy":"author","embeddable":true,"href":"https:\/\/www.sinistra.ch\/index.php?rest_route=%2Fwp%2Fv2%2Fcoauthors&post=12314"}],"curies":[{"name":"wp","href":"https:\/\/api.w.org\/{rel}","templated":true}]}}